{"id":108924,"date":"2023-05-09T15:10:27","date_gmt":"2023-05-09T18:10:27","guid":{"rendered":"https:\/\/tvtecjundiai.com.br\/news\/?p=108924"},"modified":"2023-05-09T15:10:27","modified_gmt":"2023-05-09T18:10:27","slug":"prazo-para-tentar-receber-restituicao-no-1o-lote-termina-nesta-quarta-10","status":"publish","type":"post","link":"https:\/\/tvtecjundiai.com.br\/news\/2023\/05\/09\/prazo-para-tentar-receber-restituicao-no-1o-lote-termina-nesta-quarta-10\/","title":{"rendered":"Prazo para tentar receber restitui\u00e7\u00e3o no 1\u00ba lote termina nesta quarta (10)"},"content":{"rendered":"\n<p>Para tentar receber a restitui\u00e7\u00e3o do Imposto de Renda no primeiro lote, o contribuinte deve entregar a declara\u00e7\u00e3o at\u00e9 esta quarta-feira (10). O primeiro lote ser\u00e1 pago no dia 31 de maio, data limite para entrega do IR.<\/p>\n\n\n\n<p>A Receita Federal informa que o pagamento \u00e9 feito com base nas prioridades legais. A recomenda\u00e7\u00e3o \u00e9 que os grupos priorit\u00e1rios, como idosos, enviem a declara\u00e7\u00e3o at\u00e9 o dia 10 de maio para ter chances de receber no primeiro lote de restitui\u00e7\u00e3o. Isso porque o crit\u00e9rio de desempate entre os grupos \u00e9 a data de entrega. Os contribuintes com prioridade s\u00e3o idosos a partir de 80 anos; idosos com 60 anos, pessoas com defici\u00eancia ou doen\u00e7a grave e aqueles em que a maior fonte de renda seja o magist\u00e9rio.<\/p>\n\n\n<div class=\"wp-block-image\">\n<figure class=\"aligncenter size-full is-resized\"><img loading=\"lazy\" decoding=\"async\" src=\"https:\/\/tvtecjundiai.com.br\/news\/wp-content\/uploads\/sites\/2\/2020\/11\/mca_abr_21031913349.jpg\" alt=\"\" class=\"wp-image-66429\" width=\"696\" height=\"416\" srcset=\"https:\/\/tvtecjundiai.com.br\/news\/wp-content\/uploads\/sites\/2\/2020\/11\/mca_abr_21031913349.jpg 1170w, https:\/\/tvtecjundiai.com.br\/news\/wp-content\/uploads\/sites\/2\/2020\/11\/mca_abr_21031913349-300x179.jpg 300w, https:\/\/tvtecjundiai.com.br\/news\/wp-content\/uploads\/sites\/2\/2020\/11\/mca_abr_21031913349-768x459.jpg 768w\" sizes=\"auto, (max-width: 696px) 100vw, 696px\" \/><\/figure>\n<\/div>\n\n\n<p><\/p>\n\n\n\n<p>Os outros lotes de restitui\u00e7\u00e3o ser\u00e3o pagos nos seguintes dias: segundo lote (30 de junho), terceiro lote (31 de julho), quarto lote (31 de agosto) e quinto e \u00faltimo lote (29 de setembro).<\/p>\n\n\n\n<p><strong>Imposto a pagar<\/strong><\/p>\n\n\n\n<p>Aquele contribuinte com imposto a pagar deve tamb\u00e9m enviar a declara\u00e7\u00e3o at\u00e9 esta quarta-feira (10) se optar pelo d\u00e9bito autom\u00e1tico da primeira cota ou cota \u00fanica com vencimento no dia 31 de maio.<\/p>\n\n\n\n<p><strong><em>(Fonte: Ag\u00eancia Brasil\/Imagem: Marcello Casal Jr\/Ag\u00eancia Brasil)<\/em><\/strong><\/p>\n","protected":false},"excerpt":{"rendered":"<p>Primeiro lote de restitui\u00e7\u00e3o ser\u00e1 pago no dia 31 de maio<\/p>\n","protected":false},"author":30,"featured_media":66429,"comment_status":"closed","ping_status":"0","sticky":false,"template":"","format":"standard","meta":{"footnotes":""},"categories":[2829,1],"tags":[],"class_list":["post-108924","post","type-post","status-publish","format-standard","has-post-thumbnail","hentry","category-economia","category-noticias"],"_links":{"self":[{"href":"https:\/\/tvtecjundiai.com.br\/news\/wp-json\/wp\/v2\/posts\/108924","targetHints":{"allow":["GET"]}}],"collection":[{"href":"https:\/\/tvtecjundiai.com.br\/news\/wp-json\/wp\/v2\/posts"}],"about":[{"href":"https:\/\/tvtecjundiai.com.br\/news\/wp-json\/wp\/v2\/types\/post"}],"author":[{"embeddable":true,"href":"https:\/\/tvtecjundiai.com.br\/news\/wp-json\/wp\/v2\/users\/30"}],"replies":[{"embeddable":true,"href":"https:\/\/tvtecjundiai.com.br\/news\/wp-json\/wp\/v2\/comments?post=108924"}],"version-history":[{"count":1,"href":"https:\/\/tvtecjundiai.com.br\/news\/wp-json\/wp\/v2\/posts\/108924\/revisions"}],"predecessor-version":[{"id":108925,"href":"https:\/\/tvtecjundiai.com.br\/news\/wp-json\/wp\/v2\/posts\/108924\/revisions\/108925"}],"wp:featuredmedia":[{"embeddable":true,"href":"https:\/\/tvtecjundiai.com.br\/news\/wp-json\/wp\/v2\/media\/66429"}],"wp:attachment":[{"href":"https:\/\/tvtecjundiai.com.br\/news\/wp-json\/wp\/v2\/media?parent=108924"}],"wp:term":[{"taxonomy":"category","embeddable":true,"href":"https:\/\/tvtecjundiai.com.br\/news\/wp-json\/wp\/v2\/categories?post=108924"},{"taxonomy":"post_tag","embeddable":true,"href":"https:\/\/tvtecjundiai.com.br\/news\/wp-json\/wp\/v2\/tags?post=108924"}],"curies":[{"name":"wp","href":"https:\/\/api.w.org\/{rel}","templated":true}]}}