{"id":108926,"date":"2023-05-09T15:14:44","date_gmt":"2023-05-09T18:14:44","guid":{"rendered":"https:\/\/tvtecjundiai.com.br\/news\/?p=108926"},"modified":"2023-05-09T15:14:44","modified_gmt":"2023-05-09T18:14:44","slug":"inep-publica-edital-com-regras-para-o-enem-2023","status":"publish","type":"post","link":"https:\/\/tvtecjundiai.com.br\/news\/2023\/05\/09\/inep-publica-edital-com-regras-para-o-enem-2023\/","title":{"rendered":"Inep publica edital com regras para o Enem 2023"},"content":{"rendered":"\n<p>O edital com cronograma e regras para o Exame Nacional do Ensino M\u00e9dio (Enem) 2023 j\u00e1 est\u00e1 dispon\u00edvel para os interessados em participar da prova, que ser\u00e1 aplicada nos dias 5 e 12 de novembro. As inscri\u00e7\u00f5es ficam abertas do dia 5 a 16 de junho.<\/p>\n\n\n\n<p>Al\u00e9m de apresentar datas e hor\u00e1rios dos exames, o Edital n\u00ba 30 detalha os documentos necess\u00e1rios, bem como as obriga\u00e7\u00f5es do participante, incluindo situa\u00e7\u00f5es em que o candidato poder\u00e1 ser eliminado. A taxa de inscri\u00e7\u00e3o \u00e9 R$ 85 e deve ser paga at\u00e9 dia 21 de junho.<\/p>\n\n\n\n<p>A publica\u00e7\u00e3o do Instituto Nacional de Estudos e Pesquisas An\u00edsio Teixeira (Inep) traz tamb\u00e9m crit\u00e9rios para corre\u00e7\u00e3o das provas e procedimentos para pessoas que precisam de cuidados especiais durante o concurso, bem como orienta\u00e7\u00f5es sobre hor\u00e1rio e local do exame.<\/p>\n\n\n<div class=\"wp-block-image\">\n<figure class=\"aligncenter size-full is-resized\"><img loading=\"lazy\" decoding=\"async\" src=\"https:\/\/tvtecjundiai.com.br\/news\/wp-content\/uploads\/sites\/2\/2023\/05\/estudantes_simulado_do_enem_brasilia_0707161048.jpg\" alt=\"\" class=\"wp-image-108927\" width=\"758\" height=\"453\" srcset=\"https:\/\/tvtecjundiai.com.br\/news\/wp-content\/uploads\/sites\/2\/2023\/05\/estudantes_simulado_do_enem_brasilia_0707161048.jpg 1170w, https:\/\/tvtecjundiai.com.br\/news\/wp-content\/uploads\/sites\/2\/2023\/05\/estudantes_simulado_do_enem_brasilia_0707161048-300x179.jpg 300w, https:\/\/tvtecjundiai.com.br\/news\/wp-content\/uploads\/sites\/2\/2023\/05\/estudantes_simulado_do_enem_brasilia_0707161048-768x459.jpg 768w\" sizes=\"auto, (max-width: 758px) 100vw, 758px\" \/><\/figure>\n<\/div>\n\n\n<p><\/p>\n\n\n\n<p><strong>Hor\u00e1rios<\/strong><\/p>\n\n\n\n<p>Os port\u00f5es de acesso ser\u00e3o abertos \u00e0s 12h e fechados \u00e0s 13h e as provas come\u00e7am a ser aplicadas \u00e0s 13h30. O t\u00e9rmino ser\u00e1 \u00e0s 19h, no primeiro dia, e \u00e0s 18h30, no segundo. Est\u00e3o previstas exce\u00e7\u00f5es de hor\u00e1rio em casos espec\u00edficos, no caso de participantes com solicita\u00e7\u00e3o de tempo adicional aprovada, ou com pedido de recurso de v\u00eddeo para a prova em Libras.<\/p>\n\n\n\n<p>As inscri\u00e7\u00f5es devem ser feitas na P\u00e1gina do Participante, no portal do Inep, onde outros acessos indicam cronograma, tutoriais e orienta\u00e7\u00f5es, al\u00e9m de uma \u00e1rea com as d\u00favidas mais frequentes dos candidatos. O texto detalha como ser\u00e1 feita a reaplica\u00e7\u00e3o do teste e as situa\u00e7\u00f5es em que poder\u00e1 ser refeita, como problemas log\u00edsticos e doen\u00e7as infectocontagiosas, por exemplo.<\/p>\n\n\n\n<p>Os gabaritos das provas objetivas ser\u00e3o publicados no dia 24 de novembro no Portal do Inep. J\u00e1 os resultados individuais ser\u00e3o divulgados no dia 16 de janeiro de 2024 no mesmo site.<\/p>\n\n\n\n<p><strong>Covid-19<\/strong><\/p>\n\n\n\n<p>Apesar de o pa\u00eds n\u00e3o estar mais em situa\u00e7\u00e3o de emerg\u00eancia sanit\u00e1ria devido \u00e0 pandemia, o instituto informa que ser\u00e1 necess\u00e1ria a utiliza\u00e7\u00e3o de m\u00e1scara de prote\u00e7\u00e3o \u00e0 covid-19, \u201cnos estados ou munic\u00edpios onde o uso da m\u00e1scara em local fechado seja obrigat\u00f3rio por decreto ou ato administrativo de igual poder regulamentar\u201d.<\/p>\n\n\n\n<p>As notas do exame s\u00e3o usadas para o ingresso de estudantes em universidades p\u00fablicas e privadas, por meio do Sistema de Sele\u00e7\u00e3o Unificada (Sisu), do Programa Universidade para Todos (Prouni) e o Fundo de Financiamento Estudantil (Fies).<\/p>\n\n\n\n<p>Os resultados individuais podem ser aproveitados pelos estudantes brasileiros interessados em cursar uma gradua\u00e7\u00e3o em institui\u00e7\u00f5es portuguesas, que mant\u00eam conv\u00eanio com o Inep.<\/p>\n\n\n\n<p><strong><em>(Fonte: Ag\u00eancia Brasil\/Imagem: Gabriel Jabur\/Ag\u00eancia Bras\u00edlia)<\/em><\/strong><\/p>\n","protected":false},"excerpt":{"rendered":"<p>Prova ser\u00e1 aplicada nos dias 5 e 12 de novembro<\/p>\n","protected":false},"author":30,"featured_media":108927,"comment_status":"closed","ping_status":"0","sticky":false,"template":"","format":"standard","meta":{"footnotes":""},"categories":[2828,1],"tags":[],"class_list":["post-108926","post","type-post","status-publish","format-standard","has-post-thumbnail","hentry","category-educacao","category-noticias"],"_links":{"self":[{"href":"https:\/\/tvtecjundiai.com.br\/news\/wp-json\/wp\/v2\/posts\/108926","targetHints":{"allow":["GET"]}}],"collection":[{"href":"https:\/\/tvtecjundiai.com.br\/news\/wp-json\/wp\/v2\/posts"}],"about":[{"href":"https:\/\/tvtecjundiai.com.br\/news\/wp-json\/wp\/v2\/types\/post"}],"author":[{"embeddable":true,"href":"https:\/\/tvtecjundiai.com.br\/news\/wp-json\/wp\/v2\/users\/30"}],"replies":[{"embeddable":true,"href":"https:\/\/tvtecjundiai.com.br\/news\/wp-json\/wp\/v2\/comments?post=108926"}],"version-history":[{"count":1,"href":"https:\/\/tvtecjundiai.com.br\/news\/wp-json\/wp\/v2\/posts\/108926\/revisions"}],"predecessor-version":[{"id":108928,"href":"https:\/\/tvtecjundiai.com.br\/news\/wp-json\/wp\/v2\/posts\/108926\/revisions\/108928"}],"wp:featuredmedia":[{"embeddable":true,"href":"https:\/\/tvtecjundiai.com.br\/news\/wp-json\/wp\/v2\/media\/108927"}],"wp:attachment":[{"href":"https:\/\/tvtecjundiai.com.br\/news\/wp-json\/wp\/v2\/media?parent=108926"}],"wp:term":[{"taxonomy":"category","embeddable":true,"href":"https:\/\/tvtecjundiai.com.br\/news\/wp-json\/wp\/v2\/categories?post=108926"},{"taxonomy":"post_tag","embeddable":true,"href":"https:\/\/tvtecjundiai.com.br\/news\/wp-json\/wp\/v2\/tags?post=108926"}],"curies":[{"name":"wp","href":"https:\/\/api.w.org\/{rel}","templated":true}]}}