{"id":108932,"date":"2023-05-09T16:38:53","date_gmt":"2023-05-09T19:38:53","guid":{"rendered":"https:\/\/tvtecjundiai.com.br\/news\/?p=108932"},"modified":"2023-05-09T16:38:54","modified_gmt":"2023-05-09T19:38:54","slug":"campanha-de-inverno-doacoes-podem-ser-direcionadas-ao-funss-e-aos-pontos-de-coleta","status":"publish","type":"post","link":"https:\/\/tvtecjundiai.com.br\/news\/2023\/05\/09\/campanha-de-inverno-doacoes-podem-ser-direcionadas-ao-funss-e-aos-pontos-de-coleta\/","title":{"rendered":"Campanha de Inverno: doa\u00e7\u00f5es podem ser direcionadas ao Funss e aos pontos de coleta"},"content":{"rendered":"\n<p>Em Jundia\u00ed, a Campanha de Inverno segue arrecadando doa\u00e7\u00f5es em diferentes regi\u00f5es da cidade. Al\u00e9m do Fundo Social, dentro do Parque da Uva, que \u00e9 o ponto permanente de recebimento, a popula\u00e7\u00e3o tamb\u00e9m pode levar a sua colabora\u00e7\u00e3o em um dos postos de coleta que apoiam a iniciativa. Os interessados em ajudar podem acessar o&nbsp;<strong><a href=\"https:\/\/jundiai.sp.gov.br\/campanhadeinvernojundiai\/\">site da Campanha de Inverno 2023<\/a><\/strong>&nbsp;e verificar o endere\u00e7o participante mais pr\u00f3ximo de sua resid\u00eancia.<\/p>\n\n\n\n<p>A a\u00e7\u00e3o \u00e9 uma realiza\u00e7\u00e3o da Prefeitura de Jundia\u00ed, por meio do Fundo Social de Solidariedade, e recebe roupas, cal\u00e7ados e cobertores novos ou usados e em bom estado de conserva\u00e7\u00e3o. Entre os itens que podem ser doados, est\u00e3o cal\u00e7as e blusas de manga comprida, cachec\u00f3is, cal\u00e7ados fechados e outras pe\u00e7as capazes de aquecer. \u201cNosso objetivo \u00e9 atender com dignidade \u00e0queles que mais precisam. Doar n\u00e3o \u00e9 descartar. Com a chegada do frio, bermudas e camisetas regatas, por exemplo, n\u00e3o aquecem. Por isso, refor\u00e7amos a import\u00e2ncia de doar somente aquilo que usar\u00edamos\u201d, alertou a primeira-dama e presidente do Funss, Vanessa Machado.<\/p>\n\n\n<div class=\"wp-block-image\">\n<figure class=\"aligncenter size-large is-resized\"><img loading=\"lazy\" decoding=\"async\" src=\"https:\/\/tvtecjundiai.com.br\/news\/wp-content\/uploads\/sites\/2\/2023\/05\/campanha-de-inverno-doacoes-1280x854-1-1200x801.jpg\" alt=\"\" class=\"wp-image-108933\" width=\"778\" height=\"519\" srcset=\"https:\/\/tvtecjundiai.com.br\/news\/wp-content\/uploads\/sites\/2\/2023\/05\/campanha-de-inverno-doacoes-1280x854-1-1200x801.jpg 1200w, https:\/\/tvtecjundiai.com.br\/news\/wp-content\/uploads\/sites\/2\/2023\/05\/campanha-de-inverno-doacoes-1280x854-1-300x200.jpg 300w, https:\/\/tvtecjundiai.com.br\/news\/wp-content\/uploads\/sites\/2\/2023\/05\/campanha-de-inverno-doacoes-1280x854-1-768x512.jpg 768w, https:\/\/tvtecjundiai.com.br\/news\/wp-content\/uploads\/sites\/2\/2023\/05\/campanha-de-inverno-doacoes-1280x854-1.jpg 1280w\" sizes=\"auto, (max-width: 778px) 100vw, 778px\" \/><figcaption class=\"wp-element-caption\">Durante a Campanha, o objetivo \u00e9 arrecadar pe\u00e7as capazes de aquecer, como as blusas de l\u00e3<\/figcaption><\/figure>\n<\/div>\n\n\n<p><strong>Onde doar?<\/strong><\/p>\n\n\n\n<p>A sede do Fundo Social \u00e9 anexa ao Parque da Uva e o acesso \u00e9 pela Avenida Dona Manoela Lacerda de Vergueiro, s\/n\u00ba, port\u00e3o 3, Anhangaba\u00fa. O funcionamento \u00e9 de segunda a sexta-feira, das 8h \u00e0s 17h, exceto feriados.<\/p>\n\n\n\n<p>J\u00e1 a lista com todos os endere\u00e7os dos postos de coleta \u00e9 atualizada, periodicamente, conforme o interesse e a ades\u00e3o de novos estabelecimentos \u00e0 a\u00e7\u00e3o. Para ser um posto de arrecada\u00e7\u00e3o, basta entrar em contato com o Fundo Social. Informa\u00e7\u00f5es pelos telefones (11) 4589-6319 e 4589-6320.<\/p>\n\n\n\n<p><strong><em>(Fonte\/Imagem: Prefeitura de Jundia\u00ed)<\/em><\/strong><\/p>\n","protected":false},"excerpt":{"rendered":"<p>Durante a Campanha, o objetivo \u00e9 arrecadar pe\u00e7as capazes de aquecer, como as blusas de l\u00e3<\/p>\n","protected":false},"author":30,"featured_media":108933,"comment_status":"closed","ping_status":"0","sticky":false,"template":"","format":"standard","meta":{"footnotes":""},"categories":[8356,1],"tags":[],"class_list":["post-108932","post","type-post","status-publish","format-standard","has-post-thumbnail","hentry","category-jundiai","category-noticias"],"_links":{"self":[{"href":"https:\/\/tvtecjundiai.com.br\/news\/wp-json\/wp\/v2\/posts\/108932","targetHints":{"allow":["GET"]}}],"collection":[{"href":"https:\/\/tvtecjundiai.com.br\/news\/wp-json\/wp\/v2\/posts"}],"about":[{"href":"https:\/\/tvtecjundiai.com.br\/news\/wp-json\/wp\/v2\/types\/post"}],"author":[{"embeddable":true,"href":"https:\/\/tvtecjundiai.com.br\/news\/wp-json\/wp\/v2\/users\/30"}],"replies":[{"embeddable":true,"href":"https:\/\/tvtecjundiai.com.br\/news\/wp-json\/wp\/v2\/comments?post=108932"}],"version-history":[{"count":1,"href":"https:\/\/tvtecjundiai.com.br\/news\/wp-json\/wp\/v2\/posts\/108932\/revisions"}],"predecessor-version":[{"id":108934,"href":"https:\/\/tvtecjundiai.com.br\/news\/wp-json\/wp\/v2\/posts\/108932\/revisions\/108934"}],"wp:featuredmedia":[{"embeddable":true,"href":"https:\/\/tvtecjundiai.com.br\/news\/wp-json\/wp\/v2\/media\/108933"}],"wp:attachment":[{"href":"https:\/\/tvtecjundiai.com.br\/news\/wp-json\/wp\/v2\/media?parent=108932"}],"wp:term":[{"taxonomy":"category","embeddable":true,"href":"https:\/\/tvtecjundiai.com.br\/news\/wp-json\/wp\/v2\/categories?post=108932"},{"taxonomy":"post_tag","embeddable":true,"href":"https:\/\/tvtecjundiai.com.br\/news\/wp-json\/wp\/v2\/tags?post=108932"}],"curies":[{"name":"wp","href":"https:\/\/api.w.org\/{rel}","templated":true}]}}