{"id":108935,"date":"2023-05-09T16:44:00","date_gmt":"2023-05-09T19:44:00","guid":{"rendered":"https:\/\/tvtecjundiai.com.br\/news\/?p=108935"},"modified":"2023-05-09T16:44:01","modified_gmt":"2023-05-09T19:44:01","slug":"vila-hortolandia-recebe-reforco-nas-acoes-de-combate-a-dengue","status":"publish","type":"post","link":"https:\/\/tvtecjundiai.com.br\/news\/2023\/05\/09\/vila-hortolandia-recebe-reforco-nas-acoes-de-combate-a-dengue\/","title":{"rendered":"Vila Hortol\u00e2ndia recebe refor\u00e7o nas a\u00e7\u00f5es de combate \u00e0 dengue"},"content":{"rendered":"\n<p>As equipes da Cl\u00ednica da Fam\u00edlia Hortol\u00e2ndia e da Vigil\u00e2ncia em Sa\u00fade Ambiental (VISAM) refor\u00e7aram, nesta ter\u00e7a-feira (9), as a\u00e7\u00f5es para conter o avan\u00e7o da dengue na Vila Hortol\u00e2ndia. Dos 421 casos aut\u00f3ctones da doen\u00e7a, ou seja, contra\u00eddos na pr\u00f3pria cidade, 82 foram de moradores do bairro. Essa n\u00e3o \u00e9 a primeira a\u00e7\u00e3o na regi\u00e3o. Em abril, foi realizada nebuliza\u00e7\u00e3o veicular nas ruas.<br><br>Os Agentes Comunit\u00e1rios de Sa\u00fade (ACSs) e os Agentes de Endemias percorreram cerca de 20 quarteir\u00f5es, vistoriando resid\u00eancias e estabelecimentos comerciais em busca de poss\u00edveis criadouros do mosquito Aedes aegypti, respons\u00e1vel tamb\u00e9m pelas arboviroses zika e chikungunya. Tamb\u00e9m foi feito o trabalho de orienta\u00e7\u00e3o \u00e0 popula\u00e7\u00e3o e a busca ativa de pessoas com sintomas de arboviroses.<\/p>\n\n\n\n<p>\u201cA regi\u00e3o continua com focos de transmiss\u00e3o de dengue, e estamos retornando para verificar poss\u00edveis criadouros e alertar sobre a necessidade da elimina\u00e7\u00e3o de tudo que pode acumular \u00e1gua. \u00c9 importante que as pessoas se conscientizem para evitarmos o avan\u00e7o da doen\u00e7a\u201d, alertou a Agente de Endemias Roseli Silva.<\/p>\n\n\n<div class=\"wp-block-image\">\n<figure class=\"aligncenter size-large\"><img loading=\"lazy\" decoding=\"async\" width=\"1200\" height=\"812\" src=\"https:\/\/tvtecjundiai.com.br\/news\/wp-content\/uploads\/sites\/2\/2023\/05\/acao-da-clinica-da-familia-hortolandia-e-da-visam-contra-a-dengue_fm_-77-1280x866-1-1200x812.jpg\" alt=\"\" class=\"wp-image-108936\" srcset=\"https:\/\/tvtecjundiai.com.br\/news\/wp-content\/uploads\/sites\/2\/2023\/05\/acao-da-clinica-da-familia-hortolandia-e-da-visam-contra-a-dengue_fm_-77-1280x866-1-1200x812.jpg 1200w, https:\/\/tvtecjundiai.com.br\/news\/wp-content\/uploads\/sites\/2\/2023\/05\/acao-da-clinica-da-familia-hortolandia-e-da-visam-contra-a-dengue_fm_-77-1280x866-1-300x203.jpg 300w, https:\/\/tvtecjundiai.com.br\/news\/wp-content\/uploads\/sites\/2\/2023\/05\/acao-da-clinica-da-familia-hortolandia-e-da-visam-contra-a-dengue_fm_-77-1280x866-1-768x520.jpg 768w, https:\/\/tvtecjundiai.com.br\/news\/wp-content\/uploads\/sites\/2\/2023\/05\/acao-da-clinica-da-familia-hortolandia-e-da-visam-contra-a-dengue_fm_-77-1280x866-1.jpg 1280w\" sizes=\"auto, (max-width: 1200px) 100vw, 1200px\" \/><figcaption class=\"wp-element-caption\">Cerca de 20 quarteir\u00f5es foram percorridos. Cen\u00e1rio \u00e9 preocupante<\/figcaption><\/figure>\n<\/div>\n\n\n<p>A aposentada Maria Jos\u00e9 Ger\u00f4nimo prontamente abriu o port\u00e3o. \u201cEu gosto de ter plantas e sempre estou de olho nos vasos. Acho importante quando a equipe passa e verifica se est\u00e1 tudo certinho\u201d, ressaltou.<\/p>\n\n\n\n<p>O porteiro Jo\u00e3o Rodrigues, ap\u00f3s ter seu quintal verificado, aproveitou para tirar d\u00favidas sobre os sintomas das doen\u00e7as. \u201cEu fico preocupado e estou vendo que os casos de dengue est\u00e3o aumentando por aqui. Precisamos ficar de olho em nossas casas e fazer a nossa parte\u201d.<\/p>\n\n\n\n<p>Apesar das a\u00e7\u00f5es anteriores de conscientiza\u00e7\u00e3o, as equipes ainda encontraram, em quintais, focos do Aedes aegypti em lata de tinta, plantas aqu\u00e1ticas e prato de vaso.<\/p>\n\n\n\n<figure class=\"wp-block-gallery has-nested-images columns-default is-cropped wp-block-gallery-1 is-layout-flex wp-block-gallery-is-layout-flex\">\n<figure class=\"wp-block-image size-large\"><img loading=\"lazy\" decoding=\"async\" width=\"1200\" height=\"801\" data-id=\"108939\" src=\"https:\/\/tvtecjundiai.com.br\/news\/wp-content\/uploads\/sites\/2\/2023\/05\/acao-da-clinica-da-familia-hortolandia-e-da-visam-contra-a-dengue_fm_-94-1-1280x854-1-1200x801.jpg\" alt=\"\" class=\"wp-image-108939\" srcset=\"https:\/\/tvtecjundiai.com.br\/news\/wp-content\/uploads\/sites\/2\/2023\/05\/acao-da-clinica-da-familia-hortolandia-e-da-visam-contra-a-dengue_fm_-94-1-1280x854-1-1200x801.jpg 1200w, https:\/\/tvtecjundiai.com.br\/news\/wp-content\/uploads\/sites\/2\/2023\/05\/acao-da-clinica-da-familia-hortolandia-e-da-visam-contra-a-dengue_fm_-94-1-1280x854-1-300x200.jpg 300w, https:\/\/tvtecjundiai.com.br\/news\/wp-content\/uploads\/sites\/2\/2023\/05\/acao-da-clinica-da-familia-hortolandia-e-da-visam-contra-a-dengue_fm_-94-1-1280x854-1-768x512.jpg 768w, https:\/\/tvtecjundiai.com.br\/news\/wp-content\/uploads\/sites\/2\/2023\/05\/acao-da-clinica-da-familia-hortolandia-e-da-visam-contra-a-dengue_fm_-94-1-1280x854-1.jpg 1280w\" sizes=\"auto, (max-width: 1200px) 100vw, 1200px\" \/><figcaption class=\"wp-element-caption\">Poss\u00edveis criadouros foram vistoriados<\/figcaption><\/figure>\n\n\n\n<figure class=\"wp-block-image size-large\"><img loading=\"lazy\" decoding=\"async\" width=\"1200\" height=\"801\" data-id=\"108938\" src=\"https:\/\/tvtecjundiai.com.br\/news\/wp-content\/uploads\/sites\/2\/2023\/05\/acao-da-clinica-da-familia-hortolandia-e-da-visam-contra-a-dengue_fm_-23-1280x854-2-1200x801.jpg\" alt=\"\" class=\"wp-image-108938\" srcset=\"https:\/\/tvtecjundiai.com.br\/news\/wp-content\/uploads\/sites\/2\/2023\/05\/acao-da-clinica-da-familia-hortolandia-e-da-visam-contra-a-dengue_fm_-23-1280x854-2-1200x801.jpg 1200w, https:\/\/tvtecjundiai.com.br\/news\/wp-content\/uploads\/sites\/2\/2023\/05\/acao-da-clinica-da-familia-hortolandia-e-da-visam-contra-a-dengue_fm_-23-1280x854-2-300x200.jpg 300w, https:\/\/tvtecjundiai.com.br\/news\/wp-content\/uploads\/sites\/2\/2023\/05\/acao-da-clinica-da-familia-hortolandia-e-da-visam-contra-a-dengue_fm_-23-1280x854-2-768x512.jpg 768w, https:\/\/tvtecjundiai.com.br\/news\/wp-content\/uploads\/sites\/2\/2023\/05\/acao-da-clinica-da-familia-hortolandia-e-da-visam-contra-a-dengue_fm_-23-1280x854-2.jpg 1280w\" sizes=\"auto, (max-width: 1200px) 100vw, 1200px\" \/><figcaption class=\"wp-element-caption\">Rodrigues recebeu orienta\u00e7\u00f5es e esclareceu d\u00favidas<\/figcaption><\/figure>\n<\/figure>\n\n\n\n<p><strong>N\u00fameros<\/strong><br>De acordo com o boletim de arboviroses, Jundiai registrou, entre os dias 1 de janeiro e 5 de maio, 517 casos de dengue (96 importados e 421 aut\u00f3ctones) e dois casos importados de chikungunya.<\/p>\n\n\n\n<p>Diante do cen\u00e1rio, a VISAM intensificou as a\u00e7\u00f5es di\u00e1rias de investiga\u00e7\u00e3o epidemiol\u00f3gica de preven\u00e7\u00e3o nos pontos identificados como de risco. Tamb\u00e9m s\u00e3o feitas orienta\u00e7\u00f5es pelos agentes de sa\u00fade de maneira preventiva.<\/p>\n\n\n\n<p>Entre os principais sintomas da dengue est\u00e3o: febre alta (maior que 38\u00b0C), dor no corpo e articula\u00e7\u00f5es, dor atr\u00e1s dos olhos, mal estar, falta de apetite, dor de cabe\u00e7a e manchas vermelhas no corpo. A orienta\u00e7\u00e3o \u00e9 que, havendo sintomas, a pessoa procure um servi\u00e7o de sa\u00fade para diagn\u00f3stico e tratamento adequados.<\/p>\n\n\n\n<p><strong><em>(Fonte\/Imagem: Prefeitura de Jundia\u00ed)<\/em><\/strong><\/p>\n","protected":false},"excerpt":{"rendered":"<p>Cerca de 20 quarteir\u00f5es foram percorridos. Cen\u00e1rio \u00e9 preocupante<\/p>\n","protected":false},"author":30,"featured_media":108936,"comment_status":"closed","ping_status":"0","sticky":false,"template":"","format":"standard","meta":{"footnotes":""},"categories":[8356,1,2839,8355],"tags":[],"class_list":["post-108935","post","type-post","status-publish","format-standard","has-post-thumbnail","hentry","category-jundiai","category-noticias","category-saude","category-saude-3"],"_links":{"self":[{"href":"https:\/\/tvtecjundiai.com.br\/news\/wp-json\/wp\/v2\/posts\/108935","targetHints":{"allow":["GET"]}}],"collection":[{"href":"https:\/\/tvtecjundiai.com.br\/news\/wp-json\/wp\/v2\/posts"}],"about":[{"href":"https:\/\/tvtecjundiai.com.br\/news\/wp-json\/wp\/v2\/types\/post"}],"author":[{"embeddable":true,"href":"https:\/\/tvtecjundiai.com.br\/news\/wp-json\/wp\/v2\/users\/30"}],"replies":[{"embeddable":true,"href":"https:\/\/tvtecjundiai.com.br\/news\/wp-json\/wp\/v2\/comments?post=108935"}],"version-history":[{"count":1,"href":"https:\/\/tvtecjundiai.com.br\/news\/wp-json\/wp\/v2\/posts\/108935\/revisions"}],"predecessor-version":[{"id":108940,"href":"https:\/\/tvtecjundiai.com.br\/news\/wp-json\/wp\/v2\/posts\/108935\/revisions\/108940"}],"wp:featuredmedia":[{"embeddable":true,"href":"https:\/\/tvtecjundiai.com.br\/news\/wp-json\/wp\/v2\/media\/108936"}],"wp:attachment":[{"href":"https:\/\/tvtecjundiai.com.br\/news\/wp-json\/wp\/v2\/media?parent=108935"}],"wp:term":[{"taxonomy":"category","embeddable":true,"href":"https:\/\/tvtecjundiai.com.br\/news\/wp-json\/wp\/v2\/categories?post=108935"},{"taxonomy":"post_tag","embeddable":true,"href":"https:\/\/tvtecjundiai.com.br\/news\/wp-json\/wp\/v2\/tags?post=108935"}],"curies":[{"name":"wp","href":"https:\/\/api.w.org\/{rel}","templated":true}]}}