{"id":108941,"date":"2023-05-09T17:13:17","date_gmt":"2023-05-09T20:13:17","guid":{"rendered":"https:\/\/tvtecjundiai.com.br\/news\/?p=108941"},"modified":"2023-05-09T17:13:23","modified_gmt":"2023-05-09T20:13:23","slug":"acao-conjunta-de-fiscalizacao-mantem-foco-contra-comercios-irregulares-de-sucatas","status":"publish","type":"post","link":"https:\/\/tvtecjundiai.com.br\/news\/2023\/05\/09\/acao-conjunta-de-fiscalizacao-mantem-foco-contra-comercios-irregulares-de-sucatas\/","title":{"rendered":"A\u00e7\u00e3o conjunta de fiscaliza\u00e7\u00e3o mant\u00e9m foco contra com\u00e9rcios irregulares de sucatas"},"content":{"rendered":"\n<p>Equipes da Guarda Municipal de Jundia\u00ed (GMJ) e agentes de fiscaliza\u00e7\u00e3o do com\u00e9rcio da Unidade de Gest\u00e3o de Governo e Finan\u00e7as (UGGF) da Prefeitura realizaram a\u00e7\u00e3o conjunta para a identifica\u00e7\u00e3o de poss\u00edveis com\u00e9rcios irregulares de sucatas. Quatro estabelecimentos em tr\u00eas bairros diferentes (Jardim S\u00e3o Camilo, Jardim Fepasa e Jardim Tamoio) foram fiscalizados pelos agentes.<\/p>\n\n\n\n<p>Segundo levantamento da corpora\u00e7\u00e3o de seguran\u00e7a, dois locais que j\u00e1 haviam sido notificados em opera\u00e7\u00f5es anteriores, foram multados e fechados pelos agentes da Fiscaliza\u00e7\u00e3o do Com\u00e9rcio. Ao todo, estiveram envolvidas tr\u00eas equipes da corpora\u00e7\u00e3o \u2013 Motos e viatura da Especializada do Apoio T\u00e1tico e a Base que atua na regi\u00e3o da Ponte S\u00e3o Jo\u00e3o, al\u00e9m dos fiscais.<\/p>\n\n\n\n<figure class=\"wp-block-image\"><img decoding=\"async\" src=\"https:\/\/jundiai.sp.gov.br\/noticias\/wp-content\/uploads\/sites\/32\/2023\/05\/gm1-2-1280x854.jpg\" alt=\"DESCRI\u00c7\u00c3O DE IMAGEM: Agente de fiscaliza\u00e7\u00e3o de costas, com colete descrito Fiscaliza\u00e7\u00e3o de com\u00e9rcio, escreve em prancheta informa\u00e7\u00f5es sobre o local fiscalizado. Ao lado, GM do Apoio T\u00e1tico observa a a\u00e7\u00e3o. Ao fundo, materiais do 'ferro-velho' como microondas empilhados\" class=\"wp-image-316904\" \/><figcaption class=\"wp-element-caption\">A\u00e7\u00e3o de fiscaliza\u00e7\u00e3o ser\u00e1 realizada de maneira cont\u00ednua e integrada<\/figcaption><\/figure>\n\n\n\n<p>De acordo com o subcomandante da GMJ, Mauro Castro Jr, o objetivo da a\u00e7\u00e3o foi a identifica\u00e7\u00e3o de objetos furtados na regi\u00e3o. \u201cRecepta\u00e7\u00e3o \u00e9 crime e tivemos informa\u00e7\u00f5es de que os locais recebiam itens furtados. Portanto, novas a\u00e7\u00f5es conjuntas ser\u00e3o realizadas com o objetivo de localizar os produtos e tamb\u00e9m identificar compradores\u201d, comentou.<\/p>\n\n\n\n<p>subcomandante reiterou tamb\u00e9m que as den\u00fancias foram recebidas pelo Aplicativo Jundia\u00ed de celulares. A den\u00fancia tamb\u00e9m poder\u00e1 ser feita pelos telefones 153 (Emerg\u00eancia) e 4492-9060.<\/p>\n\n\n\n<p>Ainda de acordo com dados da corpora\u00e7\u00e3o, entre Janeiro at\u00e9 abril deste ano, cinco a\u00e7\u00f5es conjuntas de fiscaliza\u00e7\u00e3o foram realizadas, com foco na identifica\u00e7\u00e3o de mercadorias de origem il\u00edcita.<\/p>\n\n\n\n<p><\/p>\n\n\n\n<p>Fonte \/ Imagem: Prefeitura de Jundia\u00ed <\/p>\n","protected":false},"excerpt":{"rendered":"<p>A a\u00e7\u00e3o ser\u00e1 realizada de maneira cont\u00ednua e integrada<\/p>\n","protected":false},"author":24,"featured_media":108942,"comment_status":"closed","ping_status":"0","sticky":false,"template":"","format":"standard","meta":{"footnotes":""},"categories":[1],"tags":[],"class_list":["post-108941","post","type-post","status-publish","format-standard","has-post-thumbnail","hentry","category-noticias"],"_links":{"self":[{"href":"https:\/\/tvtecjundiai.com.br\/news\/wp-json\/wp\/v2\/posts\/108941","targetHints":{"allow":["GET"]}}],"collection":[{"href":"https:\/\/tvtecjundiai.com.br\/news\/wp-json\/wp\/v2\/posts"}],"about":[{"href":"https:\/\/tvtecjundiai.com.br\/news\/wp-json\/wp\/v2\/types\/post"}],"author":[{"embeddable":true,"href":"https:\/\/tvtecjundiai.com.br\/news\/wp-json\/wp\/v2\/users\/24"}],"replies":[{"embeddable":true,"href":"https:\/\/tvtecjundiai.com.br\/news\/wp-json\/wp\/v2\/comments?post=108941"}],"version-history":[{"count":1,"href":"https:\/\/tvtecjundiai.com.br\/news\/wp-json\/wp\/v2\/posts\/108941\/revisions"}],"predecessor-version":[{"id":108943,"href":"https:\/\/tvtecjundiai.com.br\/news\/wp-json\/wp\/v2\/posts\/108941\/revisions\/108943"}],"wp:featuredmedia":[{"embeddable":true,"href":"https:\/\/tvtecjundiai.com.br\/news\/wp-json\/wp\/v2\/media\/108942"}],"wp:attachment":[{"href":"https:\/\/tvtecjundiai.com.br\/news\/wp-json\/wp\/v2\/media?parent=108941"}],"wp:term":[{"taxonomy":"category","embeddable":true,"href":"https:\/\/tvtecjundiai.com.br\/news\/wp-json\/wp\/v2\/categories?post=108941"},{"taxonomy":"post_tag","embeddable":true,"href":"https:\/\/tvtecjundiai.com.br\/news\/wp-json\/wp\/v2\/tags?post=108941"}],"curies":[{"name":"wp","href":"https:\/\/api.w.org\/{rel}","templated":true}]}}