{"id":108947,"date":"2023-05-10T09:24:28","date_gmt":"2023-05-10T12:24:28","guid":{"rendered":"https:\/\/tvtecjundiai.com.br\/news\/?p=108947"},"modified":"2023-05-10T09:24:28","modified_gmt":"2023-05-10T12:24:28","slug":"paraciclismo-brasil-encerra-etapa-da-copa-do-mundo-com-4-medalhas","status":"publish","type":"post","link":"https:\/\/tvtecjundiai.com.br\/news\/2023\/05\/10\/paraciclismo-brasil-encerra-etapa-da-copa-do-mundo-com-4-medalhas\/","title":{"rendered":"Paraciclismo: Brasil encerra etapa da Copa do Mundo com 4 medalhas"},"content":{"rendered":"\n<p>O Brasil encerrou a etapa da Copa do Mundo de ciclismo paral\u00edmpico de Ostend (B\u00e9lgica) com quatro p\u00f3dios: um ouro e tr\u00eas bronzes. A principal medalha foi conquistada apenas no \u00faltimo dia de competi\u00e7\u00e3o, domingo (7), por Andr\u00e9 Grizante.<\/p>\n\n\n\n<p>O atleta de 46 anos de idade, que \u00e9 natural de S\u00e3o Caetano do Sul, foi o mais r\u00e1pido na prova de estrada da classe C4 (atletas com comprometimentos f\u00edsico-motores ou amputados). Ele completou 76,6 quil\u00f4metros em 1h58min04s<\/p>\n\n\n<div class=\"wp-block-image\">\n<figure class=\"aligncenter size-full is-resized\"><img loading=\"lazy\" decoding=\"async\" src=\"https:\/\/tvtecjundiai.com.br\/news\/wp-content\/uploads\/sites\/2\/2023\/05\/paraciclismo-medalhas-brasil.jpeg\" alt=\"\" class=\"wp-image-108948\" width=\"750\" height=\"423\" srcset=\"https:\/\/tvtecjundiai.com.br\/news\/wp-content\/uploads\/sites\/2\/2023\/05\/paraciclismo-medalhas-brasil.jpeg 1011w, https:\/\/tvtecjundiai.com.br\/news\/wp-content\/uploads\/sites\/2\/2023\/05\/paraciclismo-medalhas-brasil-300x169.jpeg 300w, https:\/\/tvtecjundiai.com.br\/news\/wp-content\/uploads\/sites\/2\/2023\/05\/paraciclismo-medalhas-brasil-768x434.jpeg 768w\" sizes=\"auto, (max-width: 750px) 100vw, 750px\" \/><figcaption class=\"wp-element-caption\">Foto: Divulga\u00e7\u00e3o\/Comit\u00ea Paral\u00edmpico Brasileiro<\/figcaption><\/figure>\n<\/div>\n\n\n<p><\/p>\n\n\n\n<p>\u201cUm dia para ficar na mem\u00f3ria, Copa do Mundo de ciclismo paral\u00edmpico na B\u00e9lgica. Com Sprint \u00e0 moda Grizante, no risco, com muita emo\u00e7\u00e3o de toda torcida do Brasil e para aqueles que estavam assistindo um show. Trabalhei muito para ficar em forma para brigar com esses atletas, que s\u00e3o os melhores do mundo na minha classe. E hoje estou ali, no bolo, dando continuidade \u00e0 minha hist\u00f3ria no esporte\u201d, declarou Grizante, que entrou no paradesporto em 2016.<\/p>\n\n\n\n<p>Por\u00e9m, a hist\u00f3ria do brasileiro com o esporte come\u00e7a bem antes. Entre os anos de 1995 e 2010 ele era um dos principais nomes do ciclismo de Estrada do Brasil. Mas em 2013 sofreu um acidente de motocicleta que o deixou com uma les\u00e3o definitiva na perna esquerda, o que o levou ao paraciclismo.<\/p>\n\n\n\n<p>Al\u00e9m do ouro de Grizante, a equipe brasileira garantiu na competi\u00e7\u00e3o um bronze com Gilmara Sol na prova contrarrel\u00f3gio da classe WH2 (atletas que impulsionam bicicletas com os bra\u00e7os), outro com Lauro Chaman na prova de contrarrel\u00f3gio (percurso de 31,5 quil\u00f4metros) na classe MC5 (atletas com comprometimentos f\u00edsico-motores ou amputados) e o terceiro com Carlos Alberto Soares na prova de estrada da classe C1.<\/p>\n\n\n\n<p><em><strong>(Fonte: Ag\u00eancia Brasil\/Imagem: Divulga\u00e7\u00e3o\/Comit\u00ea Paral\u00edmpico Brasileiro)<\/strong><\/em><\/p>\n","protected":false},"excerpt":{"rendered":"<p>A medalha de ouro foi conquistada por Andr\u00e9 Grizante<\/p>\n","protected":false},"author":30,"featured_media":108948,"comment_status":"closed","ping_status":"0","sticky":false,"template":"","format":"standard","meta":{"footnotes":""},"categories":[2827,1],"tags":[],"class_list":["post-108947","post","type-post","status-publish","format-standard","has-post-thumbnail","hentry","category-esportes-e-lazer","category-noticias"],"_links":{"self":[{"href":"https:\/\/tvtecjundiai.com.br\/news\/wp-json\/wp\/v2\/posts\/108947","targetHints":{"allow":["GET"]}}],"collection":[{"href":"https:\/\/tvtecjundiai.com.br\/news\/wp-json\/wp\/v2\/posts"}],"about":[{"href":"https:\/\/tvtecjundiai.com.br\/news\/wp-json\/wp\/v2\/types\/post"}],"author":[{"embeddable":true,"href":"https:\/\/tvtecjundiai.com.br\/news\/wp-json\/wp\/v2\/users\/30"}],"replies":[{"embeddable":true,"href":"https:\/\/tvtecjundiai.com.br\/news\/wp-json\/wp\/v2\/comments?post=108947"}],"version-history":[{"count":1,"href":"https:\/\/tvtecjundiai.com.br\/news\/wp-json\/wp\/v2\/posts\/108947\/revisions"}],"predecessor-version":[{"id":108949,"href":"https:\/\/tvtecjundiai.com.br\/news\/wp-json\/wp\/v2\/posts\/108947\/revisions\/108949"}],"wp:featuredmedia":[{"embeddable":true,"href":"https:\/\/tvtecjundiai.com.br\/news\/wp-json\/wp\/v2\/media\/108948"}],"wp:attachment":[{"href":"https:\/\/tvtecjundiai.com.br\/news\/wp-json\/wp\/v2\/media?parent=108947"}],"wp:term":[{"taxonomy":"category","embeddable":true,"href":"https:\/\/tvtecjundiai.com.br\/news\/wp-json\/wp\/v2\/categories?post=108947"},{"taxonomy":"post_tag","embeddable":true,"href":"https:\/\/tvtecjundiai.com.br\/news\/wp-json\/wp\/v2\/tags?post=108947"}],"curies":[{"name":"wp","href":"https:\/\/api.w.org\/{rel}","templated":true}]}}