{"id":108955,"date":"2023-05-10T10:57:55","date_gmt":"2023-05-10T13:57:55","guid":{"rendered":"https:\/\/tvtecjundiai.com.br\/news\/?p=108955"},"modified":"2023-05-10T10:57:58","modified_gmt":"2023-05-10T13:57:58","slug":"dia-das-maes-programacao-cultural-em-jundiai-tem-atracoes-para-toda-familia","status":"publish","type":"post","link":"https:\/\/tvtecjundiai.com.br\/news\/2023\/05\/10\/dia-das-maes-programacao-cultural-em-jundiai-tem-atracoes-para-toda-familia\/","title":{"rendered":"Dia das M\u00e3es: programa\u00e7\u00e3o cultural em Jundia\u00ed tem atra\u00e7\u00f5es para toda fam\u00edlia"},"content":{"rendered":"\n<p>Uma das premissas do programa Cidade das Crian\u00e7as, o interc\u00e2mbio intergeracional entre as crian\u00e7as e seus familiares e cuidadores j\u00e1 \u00e9 uma das marcas da programa\u00e7\u00e3o gratuita proposta pela Unidade de Gest\u00e3o de Cultura (UGC). Para este fim de semana em que se comemora no domingo (14) o Dia das M\u00e3es, a tem\u00e1tica das atra\u00e7\u00f5es n\u00e3o poderia ser diferente. Confira:<\/p>\n\n\n<div class=\"wp-block-image\">\n<figure class=\"aligncenter size-large is-resized\"><img loading=\"lazy\" decoding=\"async\" src=\"https:\/\/tvtecjundiai.com.br\/news\/wp-content\/uploads\/sites\/2\/2023\/05\/fabrica_das-infancias_japy_teatro_robin_hood-25-1-1280x854-1-1200x801.jpg\" alt=\"\" class=\"wp-image-108958\" width=\"687\" height=\"458\" srcset=\"https:\/\/tvtecjundiai.com.br\/news\/wp-content\/uploads\/sites\/2\/2023\/05\/fabrica_das-infancias_japy_teatro_robin_hood-25-1-1280x854-1-1200x801.jpg 1200w, https:\/\/tvtecjundiai.com.br\/news\/wp-content\/uploads\/sites\/2\/2023\/05\/fabrica_das-infancias_japy_teatro_robin_hood-25-1-1280x854-1-300x200.jpg 300w, https:\/\/tvtecjundiai.com.br\/news\/wp-content\/uploads\/sites\/2\/2023\/05\/fabrica_das-infancias_japy_teatro_robin_hood-25-1-1280x854-1-768x512.jpg 768w, https:\/\/tvtecjundiai.com.br\/news\/wp-content\/uploads\/sites\/2\/2023\/05\/fabrica_das-infancias_japy_teatro_robin_hood-25-1-1280x854-1.jpg 1280w\" sizes=\"auto, (max-width: 687px) 100vw, 687px\" \/><figcaption class=\"wp-element-caption\">(Foto: Prefeitura de Jundia\u00ed)<\/figcaption><\/figure>\n<\/div>\n\n\n<p><\/p>\n\n\n\n<p><strong>F\u00e1brica das Inf\u00e2ncias Japy<\/strong><\/p>\n\n\n\n<p>Na F\u00e1brica das Inf\u00e2ncias Japy, as atra\u00e7\u00f5es aos finais de semana come\u00e7am sempre \u00e0s 10h30. Neste s\u00e1bado (13), a atra\u00e7\u00e3o \u00e9 a Dan\u00e7a Esportiva para M\u00e3es e Filhos. Com media\u00e7\u00e3o de Daiane Ciarrocchi e assist\u00eancia de Andressa Rondon e L\u00edvia Zane, a atividade \u00e9 voltada para crian\u00e7as de quatro a 11 anos, acompanhadas de suas m\u00e3es ou cuidadoras. O objetivo \u00e9 propor a retomada das tradi\u00e7\u00f5es de dan\u00e7ar a dois em fam\u00edlia, criando mem\u00f3rias e cultivando la\u00e7os afetivos.<\/p>\n\n\n\n<p>J\u00e1 no domingo (14), tamb\u00e9m \u00e0s 10h30, come\u00e7a a conta\u00e7\u00e3o \u201cHist\u00f3rias Imprevis\u00edveis\u201d, com Paulo Federal e Tom Wil, do Bicicletas Voadoras. A proposta da atividade \u00e9 trazer hist\u00f3rias improvisadas, numa esp\u00e9cie de laborat\u00f3rio de cria\u00e7\u00e3o do qual o p\u00fablico \u00e9 o centro e a sintonia, a musicalidade, o ritmo e a inventividade s\u00e3o os elementos que movem o espet\u00e1culo.<\/p>\n\n\n\n<p>Ainda no domingo (14), a partir das 11h, a oficineira Neide Pilekamp realiza a Oficina de pintura em echarpe com t\u00e9cnica tie-dye. A atividade tem 15 vagas gratuitas (preenchidas por ordem de chegada) e dura\u00e7\u00e3o de duas horas. O material necess\u00e1rio tamb\u00e9m ser\u00e1 fornecido no local.<\/p>\n\n\n\n<p>A F\u00e1brica fica na rua Lacerda Franco, 175, na Vila Arens. Aos finais de semana, o espa\u00e7o abre das 9h \u00e0s 13h. Mais informa\u00e7\u00f5es pelo telefone (11) 4521-0971.<\/p>\n\n\n\n<figure class=\"wp-block-gallery has-nested-images columns-default is-cropped wp-block-gallery-1 is-layout-flex wp-block-gallery-is-layout-flex\">\n<figure class=\"wp-block-image size-large\"><img loading=\"lazy\" decoding=\"async\" width=\"900\" height=\"600\" data-id=\"108956\" src=\"https:\/\/tvtecjundiai.com.br\/news\/wp-content\/uploads\/sites\/2\/2023\/05\/danca-esportiva-maes-e-filhos_1-1.jpg\" alt=\"\" class=\"wp-image-108956\" srcset=\"https:\/\/tvtecjundiai.com.br\/news\/wp-content\/uploads\/sites\/2\/2023\/05\/danca-esportiva-maes-e-filhos_1-1.jpg 900w, https:\/\/tvtecjundiai.com.br\/news\/wp-content\/uploads\/sites\/2\/2023\/05\/danca-esportiva-maes-e-filhos_1-1-300x200.jpg 300w, https:\/\/tvtecjundiai.com.br\/news\/wp-content\/uploads\/sites\/2\/2023\/05\/danca-esportiva-maes-e-filhos_1-1-768x512.jpg 768w\" sizes=\"auto, (max-width: 900px) 100vw, 900px\" \/><figcaption class=\"wp-element-caption\">Dan\u00e7a Esportiva para M\u00e3es e Filhos (Foto: Divulga\u00e7\u00e3o)<\/figcaption><\/figure>\n\n\n\n<figure class=\"wp-block-image size-large\"><img loading=\"lazy\" decoding=\"async\" width=\"900\" height=\"600\" data-id=\"108957\" src=\"https:\/\/tvtecjundiai.com.br\/news\/wp-content\/uploads\/sites\/2\/2023\/05\/historias_imprevisiveis_1.jpg\" alt=\"\" class=\"wp-image-108957\" srcset=\"https:\/\/tvtecjundiai.com.br\/news\/wp-content\/uploads\/sites\/2\/2023\/05\/historias_imprevisiveis_1.jpg 900w, https:\/\/tvtecjundiai.com.br\/news\/wp-content\/uploads\/sites\/2\/2023\/05\/historias_imprevisiveis_1-300x200.jpg 300w, https:\/\/tvtecjundiai.com.br\/news\/wp-content\/uploads\/sites\/2\/2023\/05\/historias_imprevisiveis_1-768x512.jpg 768w\" sizes=\"auto, (max-width: 900px) 100vw, 900px\" \/><figcaption class=\"wp-element-caption\">Hist\u00f3rias Imprevis\u00edveis (Foto: Divulga\u00e7\u00e3o)<\/figcaption><\/figure>\n<\/figure>\n\n\n\n<p><\/p>\n\n\n\n<p><strong>Biblioteca Municipal<\/strong><\/p>\n\n\n\n<p>A Biblioteca Municipal Professor Nelson Foot tem atra\u00e7\u00f5es no s\u00e1bado (13). A partir das 10h, come\u00e7a a oficina de marcadores perfumados em comemora\u00e7\u00e3o ao dia das m\u00e3es, com a oficineira Neide Pilekamp. A atividade tem dura\u00e7\u00e3o de duas horas, com vagas limitadas e oferta do material necess\u00e1rio.<\/p>\n\n\n\n<p>Tamb\u00e9m \u00e0s 10h, a Academia Jundiaiense de Letras (AJL) faz a sua reuni\u00e3o que contar\u00e1 com a apresenta\u00e7\u00e3o de \u201cHeran\u00e7a\u201d, mon\u00f3logo em que a atriz Luana U mostra recortes da vida de uma jovem mulher, pela perspectiva da rela\u00e7\u00e3o entre m\u00e3e e filha.<\/p>\n\n\n\n<p>J\u00e1 a partir das 11h, a Biblioteca promove mais uma edi\u00e7\u00e3o do L\u00ea no Ninho, atividade l\u00fadica e mediada de incentivo \u00e0 leitura, para crian\u00e7as de seis meses a quatro anos, acompanhadas de um adulto. Desta vez, haver\u00e1 ainda a participa\u00e7\u00e3o do grupo Cia. Uni Verso &amp; Prosa. H\u00e1 dez vagas gratuitas, preenchidas por inscri\u00e7\u00e3o pr\u00e9via.<\/p>\n\n\n\n<p>No per\u00edodo da tarde, ainda para o p\u00fablico infantojuvenil, a 4 Banda faz, a partir das 15h, um show que envolve conta\u00e7\u00e3o de hist\u00f3rias com uma apresenta\u00e7\u00e3o musical, na mescla de estilos do rock ao samba e do rap \u00e0 MPB.<\/p>\n\n\n\n<p>A Biblioteca Municipal fica na avenida Dr. Cavalcanti, 396, no Complexo Argos. Aos s\u00e1bados, o espa\u00e7o fica aberto das 10h \u00e0s 17h. Mais informa\u00e7\u00f5es pelo telefone 4527-2110.<\/p>\n\n\n\n<figure class=\"wp-block-gallery has-nested-images columns-default is-cropped wp-block-gallery-2 is-layout-flex wp-block-gallery-is-layout-flex\">\n<figure class=\"wp-block-image size-large\"><img loading=\"lazy\" decoding=\"async\" width=\"900\" height=\"600\" data-id=\"108959\" src=\"https:\/\/tvtecjundiai.com.br\/news\/wp-content\/uploads\/sites\/2\/2023\/05\/neide_pilekamp_1-1.jpeg\" alt=\"\" class=\"wp-image-108959\" srcset=\"https:\/\/tvtecjundiai.com.br\/news\/wp-content\/uploads\/sites\/2\/2023\/05\/neide_pilekamp_1-1.jpeg 900w, https:\/\/tvtecjundiai.com.br\/news\/wp-content\/uploads\/sites\/2\/2023\/05\/neide_pilekamp_1-1-300x200.jpeg 300w, https:\/\/tvtecjundiai.com.br\/news\/wp-content\/uploads\/sites\/2\/2023\/05\/neide_pilekamp_1-1-768x512.jpeg 768w\" sizes=\"auto, (max-width: 900px) 100vw, 900px\" \/><figcaption class=\"wp-element-caption\">Neide Pilekamp media oficinas (Foto: Prefeitura de Jundia\u00ed)<\/figcaption><\/figure>\n\n\n\n<figure class=\"wp-block-image size-large\"><img loading=\"lazy\" decoding=\"async\" width=\"900\" height=\"600\" data-id=\"108960\" src=\"https:\/\/tvtecjundiai.com.br\/news\/wp-content\/uploads\/sites\/2\/2023\/05\/le-no-ninho_1.jpg\" alt=\"\" class=\"wp-image-108960\" srcset=\"https:\/\/tvtecjundiai.com.br\/news\/wp-content\/uploads\/sites\/2\/2023\/05\/le-no-ninho_1.jpg 900w, https:\/\/tvtecjundiai.com.br\/news\/wp-content\/uploads\/sites\/2\/2023\/05\/le-no-ninho_1-300x200.jpg 300w, https:\/\/tvtecjundiai.com.br\/news\/wp-content\/uploads\/sites\/2\/2023\/05\/le-no-ninho_1-768x512.jpg 768w\" sizes=\"auto, (max-width: 900px) 100vw, 900px\" \/><figcaption class=\"wp-element-caption\">L\u00ea no Ninho (Foto: Prefeitura de Jundia\u00ed)<\/figcaption><\/figure>\n<\/figure>\n\n\n\n<p><\/p>\n\n\n\n<p><em><strong>(Fonte: Prefeitura de Jundia\u00ed\/Imagens: Prefeitura de Jundia\u00ed\/Divulga\u00e7\u00e3o)<\/strong><\/em><\/p>\n","protected":false},"excerpt":{"rendered":"<p>Confira o que a Unidade de Gest\u00e3o de Cultura (UGC) preparou<\/p>\n","protected":false},"author":30,"featured_media":108960,"comment_status":"closed","ping_status":"0","sticky":false,"template":"","format":"standard","meta":{"footnotes":""},"categories":[2833,8356,1],"tags":[],"class_list":["post-108955","post","type-post","status-publish","format-standard","has-post-thumbnail","hentry","category-cultura","category-jundiai","category-noticias"],"_links":{"self":[{"href":"https:\/\/tvtecjundiai.com.br\/news\/wp-json\/wp\/v2\/posts\/108955","targetHints":{"allow":["GET"]}}],"collection":[{"href":"https:\/\/tvtecjundiai.com.br\/news\/wp-json\/wp\/v2\/posts"}],"about":[{"href":"https:\/\/tvtecjundiai.com.br\/news\/wp-json\/wp\/v2\/types\/post"}],"author":[{"embeddable":true,"href":"https:\/\/tvtecjundiai.com.br\/news\/wp-json\/wp\/v2\/users\/30"}],"replies":[{"embeddable":true,"href":"https:\/\/tvtecjundiai.com.br\/news\/wp-json\/wp\/v2\/comments?post=108955"}],"version-history":[{"count":1,"href":"https:\/\/tvtecjundiai.com.br\/news\/wp-json\/wp\/v2\/posts\/108955\/revisions"}],"predecessor-version":[{"id":108961,"href":"https:\/\/tvtecjundiai.com.br\/news\/wp-json\/wp\/v2\/posts\/108955\/revisions\/108961"}],"wp:featuredmedia":[{"embeddable":true,"href":"https:\/\/tvtecjundiai.com.br\/news\/wp-json\/wp\/v2\/media\/108960"}],"wp:attachment":[{"href":"https:\/\/tvtecjundiai.com.br\/news\/wp-json\/wp\/v2\/media?parent=108955"}],"wp:term":[{"taxonomy":"category","embeddable":true,"href":"https:\/\/tvtecjundiai.com.br\/news\/wp-json\/wp\/v2\/categories?post=108955"},{"taxonomy":"post_tag","embeddable":true,"href":"https:\/\/tvtecjundiai.com.br\/news\/wp-json\/wp\/v2\/tags?post=108955"}],"curies":[{"name":"wp","href":"https:\/\/api.w.org\/{rel}","templated":true}]}}