{"id":108962,"date":"2023-05-10T11:01:13","date_gmt":"2023-05-10T14:01:13","guid":{"rendered":"https:\/\/tvtecjundiai.com.br\/news\/?p=108962"},"modified":"2023-05-10T11:01:18","modified_gmt":"2023-05-10T14:01:18","slug":"jundiai-participa-de-encontro-sobre-previdencia-complementar-dos-servidores-publicos","status":"publish","type":"post","link":"https:\/\/tvtecjundiai.com.br\/news\/2023\/05\/10\/jundiai-participa-de-encontro-sobre-previdencia-complementar-dos-servidores-publicos\/","title":{"rendered":"Jundia\u00ed participa de encontro sobre Previd\u00eancia Complementar dos Servidores P\u00fablicos"},"content":{"rendered":"\n<p>A Previd\u00eancia Complementar dos Servidores P\u00fablicos foi tema de encontro virtual, realizado nesta ter\u00e7a-feira (09), em evento promovido pela ABCPrev. Jundia\u00ed foi representada pela gestora da Unidade de Administra\u00e7\u00e3o e Gest\u00e3o de Pessoas (UGAGP), Simone Zanotello de Oliveira, que apresentou o case da cidade sobre o tema.<\/p>\n\n\n\n<p>\u201cO objetivo da participa\u00e7\u00e3o foi o de mostrar como foi a experi\u00eancia de Jundia\u00ed na implanta\u00e7\u00e3o de Regime de Previd\u00eancia Complementar do servidor, desde a normatiza\u00e7\u00e3o at\u00e9 os procedimentos de sele\u00e7\u00e3o de entidade previdenci\u00e1ria e a\u00e7\u00f5es de implanta\u00e7\u00e3o e gest\u00e3o\u201d, lembrou a gestora.<\/p>\n\n\n\n<p>O Regime de Previd\u00eancia Complementar (RPC), trazido pela reforma previdenci\u00e1ria para os servidores que adentram no servi\u00e7o p\u00fablico a partir de agora, com vencimentos acima do teto do Regime Geral de Previd\u00eancia Social (RGPS), possibilita a eles provisionarem reservas para que, no futuro, possam desfrutar de uma renda adicional que complemente a aposentadoria do regime pr\u00f3prio dos servidores p\u00fablicos. No encontro, a gestora tamb\u00e9m falou sobre o processo de reforma da previd\u00eancia e a necessidade de se trazer um equil\u00edbrio nos sistemas de previd\u00eancia governamentais.<\/p>\n\n\n\n<figure class=\"wp-block-image size-large\"><img loading=\"lazy\" decoding=\"async\" width=\"1200\" height=\"591\" src=\"https:\/\/tvtecjundiai.com.br\/news\/wp-content\/uploads\/sites\/2\/2023\/05\/whatsapp-image-2023-05-09-at-13-35-37-1-2-1280x630-1-1200x591.jpeg\" alt=\"\" class=\"wp-image-108963\" srcset=\"https:\/\/tvtecjundiai.com.br\/news\/wp-content\/uploads\/sites\/2\/2023\/05\/whatsapp-image-2023-05-09-at-13-35-37-1-2-1280x630-1-1200x591.jpeg 1200w, https:\/\/tvtecjundiai.com.br\/news\/wp-content\/uploads\/sites\/2\/2023\/05\/whatsapp-image-2023-05-09-at-13-35-37-1-2-1280x630-1-300x148.jpeg 300w, https:\/\/tvtecjundiai.com.br\/news\/wp-content\/uploads\/sites\/2\/2023\/05\/whatsapp-image-2023-05-09-at-13-35-37-1-2-1280x630-1-768x378.jpeg 768w, https:\/\/tvtecjundiai.com.br\/news\/wp-content\/uploads\/sites\/2\/2023\/05\/whatsapp-image-2023-05-09-at-13-35-37-1-2-1280x630-1.jpeg 1280w\" sizes=\"auto, (max-width: 1200px) 100vw, 1200px\" \/><\/figure>\n\n\n\n<p><\/p>\n\n\n\n<p><strong><em>(Fonte\/Imagem: Prefeitura de Jundia\u00ed)<\/em><\/strong><\/p>\n","protected":false},"excerpt":{"rendered":"<p>A cidade foi representada pela gestora da Unidade de Administra\u00e7\u00e3o e Gest\u00e3o de Pessoas (UGAGP), Simone Zanotello<\/p>\n","protected":false},"author":30,"featured_media":108963,"comment_status":"closed","ping_status":"0","sticky":false,"template":"","format":"standard","meta":{"footnotes":""},"categories":[8357,8356,1],"tags":[],"class_list":["post-108962","post","type-post","status-publish","format-standard","has-post-thumbnail","hentry","category-gestao","category-jundiai","category-noticias"],"_links":{"self":[{"href":"https:\/\/tvtecjundiai.com.br\/news\/wp-json\/wp\/v2\/posts\/108962","targetHints":{"allow":["GET"]}}],"collection":[{"href":"https:\/\/tvtecjundiai.com.br\/news\/wp-json\/wp\/v2\/posts"}],"about":[{"href":"https:\/\/tvtecjundiai.com.br\/news\/wp-json\/wp\/v2\/types\/post"}],"author":[{"embeddable":true,"href":"https:\/\/tvtecjundiai.com.br\/news\/wp-json\/wp\/v2\/users\/30"}],"replies":[{"embeddable":true,"href":"https:\/\/tvtecjundiai.com.br\/news\/wp-json\/wp\/v2\/comments?post=108962"}],"version-history":[{"count":1,"href":"https:\/\/tvtecjundiai.com.br\/news\/wp-json\/wp\/v2\/posts\/108962\/revisions"}],"predecessor-version":[{"id":108964,"href":"https:\/\/tvtecjundiai.com.br\/news\/wp-json\/wp\/v2\/posts\/108962\/revisions\/108964"}],"wp:featuredmedia":[{"embeddable":true,"href":"https:\/\/tvtecjundiai.com.br\/news\/wp-json\/wp\/v2\/media\/108963"}],"wp:attachment":[{"href":"https:\/\/tvtecjundiai.com.br\/news\/wp-json\/wp\/v2\/media?parent=108962"}],"wp:term":[{"taxonomy":"category","embeddable":true,"href":"https:\/\/tvtecjundiai.com.br\/news\/wp-json\/wp\/v2\/categories?post=108962"},{"taxonomy":"post_tag","embeddable":true,"href":"https:\/\/tvtecjundiai.com.br\/news\/wp-json\/wp\/v2\/tags?post=108962"}],"curies":[{"name":"wp","href":"https:\/\/api.w.org\/{rel}","templated":true}]}}