{"id":108968,"date":"2023-05-10T14:07:09","date_gmt":"2023-05-10T17:07:09","guid":{"rendered":"https:\/\/tvtecjundiai.com.br\/news\/?p=108968"},"modified":"2023-05-10T14:07:10","modified_gmt":"2023-05-10T17:07:10","slug":"prefeitura-apresenta-plano-de-infraestrutura-e-habitacao-no-jardim-sao-camilo","status":"publish","type":"post","link":"https:\/\/tvtecjundiai.com.br\/news\/2023\/05\/10\/prefeitura-apresenta-plano-de-infraestrutura-e-habitacao-no-jardim-sao-camilo\/","title":{"rendered":"Prefeitura apresenta plano de infraestrutura e habita\u00e7\u00e3o no Jardim S\u00e3o Camilo"},"content":{"rendered":"\n<p>Um grupo de moradores da Regi\u00e3o Leste da cidade, que compreende o Jardim S\u00e3o Camilo, foi recebido na ter\u00e7a-feira (9) na Prefeitura. Foram apresentados os projetos de habita\u00e7\u00e3o e infraestrutura para a regi\u00e3o e os moradores tamb\u00e9m tiveram a oportunidade de apresentar demandas ao Poder P\u00fablico.<\/p>\n\n\n\n<p>A Funda\u00e7\u00e3o Municipal de A\u00e7\u00e3o Social (FUMAS) contratou um plano altim\u00e9trico para definir quais interven\u00e7\u00f5es e obras s\u00e3o necess\u00e1rias no Jardim S\u00e3o Camilo. \u201c17 fam\u00edlias j\u00e1 foram retiradas de uma das \u00e1reas de risco e est\u00e3o recebendo aux\u00edlio-moradia. E at\u00e9 que elas n\u00e3o recebam um im\u00f3vel de interesse social, elas receber\u00e3o o aux\u00edlio e estar\u00e3o em seguran\u00e7a\u201d, garantiu o superintendente da Fumas, Jos\u00e9 Galv\u00e3o Braga Campos (Tico).<\/p>\n\n\n\n<p>\u201cNas \u00faltimas semanas promovemos uma for\u00e7a-tarefa de v\u00e1rias \u00e1reas, ouvindo tamb\u00e9m os moradores, para destacarmos as principais necessidades do Jardim S\u00e3o Camilo. Com a conclus\u00e3o desse plano altim\u00e9trico, executaremos as obras de revitaliza\u00e7\u00e3o e mitiga\u00e7\u00e3o de riscos no bairro\u201d, refor\u00e7ou o prefeito Luiz Fernando Machado.<\/p>\n\n\n<div class=\"wp-block-image\">\n<figure class=\"aligncenter size-large\"><img loading=\"lazy\" decoding=\"async\" width=\"1200\" height=\"801\" src=\"https:\/\/tvtecjundiai.com.br\/news\/wp-content\/uploads\/sites\/2\/2023\/05\/reuniao_situacao_fumas_sao-camilo_pa-19-3-1280x854-1-1200x801.jpg\" alt=\"\" class=\"wp-image-108969\" srcset=\"https:\/\/tvtecjundiai.com.br\/news\/wp-content\/uploads\/sites\/2\/2023\/05\/reuniao_situacao_fumas_sao-camilo_pa-19-3-1280x854-1-1200x801.jpg 1200w, https:\/\/tvtecjundiai.com.br\/news\/wp-content\/uploads\/sites\/2\/2023\/05\/reuniao_situacao_fumas_sao-camilo_pa-19-3-1280x854-1-300x200.jpg 300w, https:\/\/tvtecjundiai.com.br\/news\/wp-content\/uploads\/sites\/2\/2023\/05\/reuniao_situacao_fumas_sao-camilo_pa-19-3-1280x854-1-768x512.jpg 768w, https:\/\/tvtecjundiai.com.br\/news\/wp-content\/uploads\/sites\/2\/2023\/05\/reuniao_situacao_fumas_sao-camilo_pa-19-3-1280x854-1.jpg 1280w\" sizes=\"auto, (max-width: 1200px) 100vw, 1200px\" \/><figcaption class=\"wp-element-caption\">Plano altim\u00e9trico foi contratado para definir as obras necess\u00e1rias no Jardim S\u00e3o Camilo<\/figcaption><\/figure>\n<\/div>\n\n\n<p><\/p>\n\n\n\n<p>Est\u00e3o previstas obras como a revitaliza\u00e7\u00e3o das vielas, com planos de contingenciamento, a constru\u00e7\u00e3o de 195 unidades de moradia popular para as pessoas que est\u00e3o est\u00e3o inscritas no aux\u00edlio-moradia e tamb\u00e9m em \u00e1reas de risco, al\u00e9m da duplica\u00e7\u00e3o da Avenida Luiz Zorzetti, que liga a Regi\u00e3o Leste da cidade ao Centro.<\/p>\n\n\n\n<p>Tamb\u00e9m participaram da reuni\u00e3o o gestor de Governo e Finan\u00e7as, Jos\u00e9 Ant\u00f4nio Parimoschi, o diretor do Departamento de Obras e Projetos da FUMAS, Edilson Chrispim e o coordenador da Defesa Civil de Jundia\u00ed, Coronel Jo\u00e3o Os\u00f3rio Gimenez Germano.<\/p>\n\n\n\n<p>\u201cHoje n\u00f3s estamos com quatro \u00e1reas de risco no Jardim S\u00e3o Camilo e estamos trazendo as demandas para o Poder P\u00fablico para que a popula\u00e7\u00e3o seja cada vez mais assistida\u201d, disse o morador, Wilson Henrique Silva da Concei\u00e7\u00e3o.<\/p>\n\n\n\n<p>\u201cN\u00f3s temos um plano de a\u00e7\u00e3o intersetorial para o S\u00e3o Camilo. O nosso objetivo \u00e9 que as pessoas saiam das \u00e1reas de risco e v\u00e3o para moradias seguras, com mais conforto e seguran\u00e7a para as fam\u00edlias. O nosso objetivo \u00e9 revitalizar a regi\u00e3o\u201d, disse o gestor de Governo e Finan\u00e7as, Jos\u00e9 Ant\u00f4nio Parimoschi.<\/p>\n\n\n<div class=\"wp-block-image\">\n<figure class=\"aligncenter size-large\"><img loading=\"lazy\" decoding=\"async\" width=\"1200\" height=\"800\" src=\"https:\/\/tvtecjundiai.com.br\/news\/wp-content\/uploads\/sites\/2\/2023\/05\/reuniao_situacao_fumas_sao-camilo_pa-49-3-1280x853-1-1200x800.jpg\" alt=\"\" class=\"wp-image-108970\" srcset=\"https:\/\/tvtecjundiai.com.br\/news\/wp-content\/uploads\/sites\/2\/2023\/05\/reuniao_situacao_fumas_sao-camilo_pa-49-3-1280x853-1-1200x800.jpg 1200w, https:\/\/tvtecjundiai.com.br\/news\/wp-content\/uploads\/sites\/2\/2023\/05\/reuniao_situacao_fumas_sao-camilo_pa-49-3-1280x853-1-300x200.jpg 300w, https:\/\/tvtecjundiai.com.br\/news\/wp-content\/uploads\/sites\/2\/2023\/05\/reuniao_situacao_fumas_sao-camilo_pa-49-3-1280x853-1-768x512.jpg 768w, https:\/\/tvtecjundiai.com.br\/news\/wp-content\/uploads\/sites\/2\/2023\/05\/reuniao_situacao_fumas_sao-camilo_pa-49-3-1280x853-1.jpg 1280w\" sizes=\"auto, (max-width: 1200px) 100vw, 1200px\" \/><figcaption class=\"wp-element-caption\">Prefeitura apresenta plano de infraestrutura e habita\u00e7\u00e3o no Jardim S\u00e3o Camilo<\/figcaption><\/figure>\n<\/div>\n\n\n<p><\/p>\n\n\n\n<p><em><strong>(Fonte\/Imagens: Prefeitura de Jundia\u00ed)<\/strong><\/em><\/p>\n","protected":false},"excerpt":{"rendered":"<p>Moradores tiveram a oportunidade de apresentar demandas ao Poder P\u00fablico<\/p>\n","protected":false},"author":30,"featured_media":108969,"comment_status":"closed","ping_status":"0","sticky":false,"template":"","format":"standard","meta":{"footnotes":""},"categories":[8356,1],"tags":[],"class_list":["post-108968","post","type-post","status-publish","format-standard","has-post-thumbnail","hentry","category-jundiai","category-noticias"],"_links":{"self":[{"href":"https:\/\/tvtecjundiai.com.br\/news\/wp-json\/wp\/v2\/posts\/108968","targetHints":{"allow":["GET"]}}],"collection":[{"href":"https:\/\/tvtecjundiai.com.br\/news\/wp-json\/wp\/v2\/posts"}],"about":[{"href":"https:\/\/tvtecjundiai.com.br\/news\/wp-json\/wp\/v2\/types\/post"}],"author":[{"embeddable":true,"href":"https:\/\/tvtecjundiai.com.br\/news\/wp-json\/wp\/v2\/users\/30"}],"replies":[{"embeddable":true,"href":"https:\/\/tvtecjundiai.com.br\/news\/wp-json\/wp\/v2\/comments?post=108968"}],"version-history":[{"count":1,"href":"https:\/\/tvtecjundiai.com.br\/news\/wp-json\/wp\/v2\/posts\/108968\/revisions"}],"predecessor-version":[{"id":108971,"href":"https:\/\/tvtecjundiai.com.br\/news\/wp-json\/wp\/v2\/posts\/108968\/revisions\/108971"}],"wp:featuredmedia":[{"embeddable":true,"href":"https:\/\/tvtecjundiai.com.br\/news\/wp-json\/wp\/v2\/media\/108969"}],"wp:attachment":[{"href":"https:\/\/tvtecjundiai.com.br\/news\/wp-json\/wp\/v2\/media?parent=108968"}],"wp:term":[{"taxonomy":"category","embeddable":true,"href":"https:\/\/tvtecjundiai.com.br\/news\/wp-json\/wp\/v2\/categories?post=108968"},{"taxonomy":"post_tag","embeddable":true,"href":"https:\/\/tvtecjundiai.com.br\/news\/wp-json\/wp\/v2\/tags?post=108968"}],"curies":[{"name":"wp","href":"https:\/\/api.w.org\/{rel}","templated":true}]}}