{"id":108973,"date":"2023-05-10T14:51:28","date_gmt":"2023-05-10T17:51:28","guid":{"rendered":"https:\/\/tvtecjundiai.com.br\/news\/?p=108973"},"modified":"2023-05-10T14:52:45","modified_gmt":"2023-05-10T17:52:45","slug":"comercio-de-jundiai-funciona-ate-as-18h-neste-sabado-13-vespera-de-dia-das-maes","status":"publish","type":"post","link":"https:\/\/tvtecjundiai.com.br\/news\/2023\/05\/10\/comercio-de-jundiai-funciona-ate-as-18h-neste-sabado-13-vespera-de-dia-das-maes\/","title":{"rendered":"Com\u00e9rcio de Jundia\u00ed funciona at\u00e9 as 18h neste s\u00e1bado (13), v\u00e9spera do Dia das M\u00e3es"},"content":{"rendered":"\n<p>Considerada pelos varejistas como a principal data comemorativa do primeiro semestre e a segunda melhor do ano em termos de faturamento (perdendo apenas para o Natal), o Dia das M\u00e3es est\u00e1 movimentando o com\u00e9rcio. Neste s\u00e1bado (13), as lojas do Centro e dos bairros poder\u00e3o atender at\u00e9 as 18h.<\/p>\n\n\n\n<p>Para entreter os consumidores, a&nbsp;Pra\u00e7a Marechal Floriano Peixoto (Pra\u00e7a do Coreto) ter\u00e1 passeios no trenzinho Expresso da Alegria das 10h \u00e0s 14h, apresenta\u00e7\u00e3o circense com a \u201cCia. Tramp de Palha\u00e7os\u201d das 12h \u00e0s 13h30 e food trucks diversos.&nbsp;A realiza\u00e7\u00e3o \u00e9 da C\u00e2mara de Dirigentes Lojistas (CDL) e do Sindicato do Com\u00e9rcio Varejista de Jundia\u00ed e Regi\u00e3o (Sincomercio), com apoio cultural do Sesc Jundia\u00ed.<\/p>\n\n\n\n<p>O&nbsp;Dia das M\u00e3es deve movimentar 33 bilh\u00f5es de reais nos segmentos de com\u00e9rcio e servi\u00e7os&nbsp;e&nbsp;79% dos consumidores pretendem presentear,&nbsp;conforme levantamento feito em todas as capitais pela Confedera\u00e7\u00e3o Nacional de Dirigentes Lojistas (CNDL) e pelo Servi\u00e7o de Prote\u00e7\u00e3o ao Cr\u00e9dito (SPC Brasil), em parceria com a Offerwise.&nbsp;Em m\u00e9dia, os consumidores pretendem comprar dois presentes na data, com um ticket m\u00e9dio de R$ 260.<\/p>\n\n\n<div class=\"wp-block-image\">\n<figure class=\"aligncenter size-full is-resized\"><img loading=\"lazy\" decoding=\"async\" src=\"https:\/\/tvtecjundiai.com.br\/news\/wp-content\/uploads\/sites\/2\/2023\/05\/comercio-centro-jundiai-1.png\" alt=\"\" class=\"wp-image-108975\" width=\"708\" height=\"389\" \/><\/figure>\n<\/div>\n\n\n<p><\/p>\n\n\n\n<p><strong>Os presentes mais procurados<\/strong><\/p>\n\n\n\n<p>A pesquisa revela que os produtos campe\u00f5es de venda devem ser as roupas, cal\u00e7ados ou acess\u00f3rios (46%), perfumes (42%), cosm\u00e9ticos (23%) e chocolates (23%). As lojas f\u00edsicas aparecem como o principal local de compras dos consumidores: 72% afirmaram que pretendem comprar a maioria dos presentes presencialmente, sobretudo nos shopping centers (31%) e em lojas de rua (18%). A internet aparece como local de compra de 40% dos consumidores, principalmente nos sites e lojas virtuais (36%).<\/p>\n\n\n\n<p>\u201cO Dia das M\u00e3es \u00e9 considerado o Natal do primeiro semestre, \u00e9 o momento de as lojas investirem em promo\u00e7\u00f5es, op\u00e7\u00f5es de presentes, facilidades no pagamento e criar parcerias. Apesar do avan\u00e7o no com\u00e9rcio eletr\u00f4nico, o brasileiro ainda valoriza muito a compra presencial, a experi\u00eancia de ir at\u00e9 a loja e escolher o produto. O com\u00e9rcio deve sim investir no atendimento online, mas o atendimento f\u00edsico se mant\u00e9m muito forte no pa\u00eds\u201d, afirma Maltoni.<\/p>\n\n\n\n<p><strong>Hor\u00e1rio especial na sexta-feira (12)<\/strong><\/p>\n\n\n\n<p>Na sexta-feira (12), antev\u00e9spera do Dia das M\u00e3es,&nbsp;conforme garantido pela&nbsp;cl\u00e1usula quadrag\u00e9sima oitava&nbsp;da CCT, os lojistas que desejarem poder\u00e3o atender at\u00e9 as 22h. No s\u00e1bado (13), o funcionamento pode ser at\u00e9 as 18h.&nbsp;<\/p>\n\n\n\n<p><strong><em>(Fonte\/Imagem: Sincomercio Jundia\u00ed)<\/em><\/strong><\/p>\n","protected":false},"excerpt":{"rendered":"<p>Expresso da Alegria, atra\u00e7\u00e3o circense e food trucks no Centro da cidade<\/p>\n","protected":false},"author":30,"featured_media":108975,"comment_status":"closed","ping_status":"0","sticky":false,"template":"","format":"standard","meta":{"footnotes":""},"categories":[2834,8356,1],"tags":[],"class_list":["post-108973","post","type-post","status-publish","format-standard","has-post-thumbnail","hentry","category-cidades","category-jundiai","category-noticias"],"_links":{"self":[{"href":"https:\/\/tvtecjundiai.com.br\/news\/wp-json\/wp\/v2\/posts\/108973","targetHints":{"allow":["GET"]}}],"collection":[{"href":"https:\/\/tvtecjundiai.com.br\/news\/wp-json\/wp\/v2\/posts"}],"about":[{"href":"https:\/\/tvtecjundiai.com.br\/news\/wp-json\/wp\/v2\/types\/post"}],"author":[{"embeddable":true,"href":"https:\/\/tvtecjundiai.com.br\/news\/wp-json\/wp\/v2\/users\/30"}],"replies":[{"embeddable":true,"href":"https:\/\/tvtecjundiai.com.br\/news\/wp-json\/wp\/v2\/comments?post=108973"}],"version-history":[{"count":2,"href":"https:\/\/tvtecjundiai.com.br\/news\/wp-json\/wp\/v2\/posts\/108973\/revisions"}],"predecessor-version":[{"id":108977,"href":"https:\/\/tvtecjundiai.com.br\/news\/wp-json\/wp\/v2\/posts\/108973\/revisions\/108977"}],"wp:featuredmedia":[{"embeddable":true,"href":"https:\/\/tvtecjundiai.com.br\/news\/wp-json\/wp\/v2\/media\/108975"}],"wp:attachment":[{"href":"https:\/\/tvtecjundiai.com.br\/news\/wp-json\/wp\/v2\/media?parent=108973"}],"wp:term":[{"taxonomy":"category","embeddable":true,"href":"https:\/\/tvtecjundiai.com.br\/news\/wp-json\/wp\/v2\/categories?post=108973"},{"taxonomy":"post_tag","embeddable":true,"href":"https:\/\/tvtecjundiai.com.br\/news\/wp-json\/wp\/v2\/tags?post=108973"}],"curies":[{"name":"wp","href":"https:\/\/api.w.org\/{rel}","templated":true}]}}