{"id":108978,"date":"2023-05-10T15:10:15","date_gmt":"2023-05-10T18:10:15","guid":{"rendered":"https:\/\/tvtecjundiai.com.br\/news\/?p=108978"},"modified":"2023-05-10T15:10:15","modified_gmt":"2023-05-10T18:10:15","slug":"bazar-do-grendacc-com-pecas-plus-size-e-gestante-vai-ate-13-de-maio","status":"publish","type":"post","link":"https:\/\/tvtecjundiai.com.br\/news\/2023\/05\/10\/bazar-do-grendacc-com-pecas-plus-size-e-gestante-vai-ate-13-de-maio\/","title":{"rendered":"Bazar do Grendacc com pe\u00e7as plus size e gestante vai at\u00e9 13 de maio"},"content":{"rendered":"\n<p>De 10 a 13 de maio, a loja Aura Plus e Gestante estar\u00e1 expondo suas pe\u00e7as no Espa\u00e7o Bazar de Marcas do Grendacc (Grupo em Defesa da Crian\u00e7a com C\u00e2ncer). Os visitantes encontrar\u00e3o roupas a partir de R$ 29,90.<\/p>\n\n\n\n<p>A loja tem pe\u00e7as para gestante do tamanho P ao plus e pe\u00e7as plus size do tamanho 44 ao 60. Do total arrecadado com as vendas, 12% ser\u00e1 revertido para o Grendacc.<\/p>\n\n\n\n<p>O bazar vai funcionar de 10 a 12 de maio, das 10h \u00e0s 17h30, e no s\u00e1bado (13), das 10h \u00e0s 13h. O endere\u00e7o \u00e9 rua Ol\u00edvio Boa, 99, esquina com a avenida Dr. Manoel Ildefonso Archer de Castilho, no Parque da Represa.<\/p>\n\n\n<div class=\"wp-block-image\">\n<figure class=\"aligncenter size-full is-resized\"><img loading=\"lazy\" decoding=\"async\" src=\"https:\/\/tvtecjundiai.com.br\/news\/wp-content\/uploads\/sites\/2\/2022\/11\/Bazar-Grendacc-1024x682-1.jpg\" alt=\"\" class=\"wp-image-100965\" width=\"646\" height=\"430\" srcset=\"https:\/\/tvtecjundiai.com.br\/news\/wp-content\/uploads\/sites\/2\/2022\/11\/Bazar-Grendacc-1024x682-1.jpg 1024w, https:\/\/tvtecjundiai.com.br\/news\/wp-content\/uploads\/sites\/2\/2022\/11\/Bazar-Grendacc-1024x682-1-300x200.jpg 300w, https:\/\/tvtecjundiai.com.br\/news\/wp-content\/uploads\/sites\/2\/2022\/11\/Bazar-Grendacc-1024x682-1-768x512.jpg 768w\" sizes=\"auto, (max-width: 646px) 100vw, 646px\" \/><\/figure>\n<\/div>\n\n\n<p><\/p>\n\n\n\n<p><em><strong>(Fonte: Grendacc Jundia\u00ed\/Imagem: Divulga\u00e7\u00e3o)<\/strong><\/em><\/p>\n","protected":false},"excerpt":{"rendered":"<p>Os visitantes encontrar\u00e3o roupas a partir de R$ 29,90<\/p>\n","protected":false},"author":30,"featured_media":100966,"comment_status":"closed","ping_status":"0","sticky":false,"template":"","format":"standard","meta":{"footnotes":""},"categories":[8356,1],"tags":[],"class_list":["post-108978","post","type-post","status-publish","format-standard","has-post-thumbnail","hentry","category-jundiai","category-noticias"],"_links":{"self":[{"href":"https:\/\/tvtecjundiai.com.br\/news\/wp-json\/wp\/v2\/posts\/108978","targetHints":{"allow":["GET"]}}],"collection":[{"href":"https:\/\/tvtecjundiai.com.br\/news\/wp-json\/wp\/v2\/posts"}],"about":[{"href":"https:\/\/tvtecjundiai.com.br\/news\/wp-json\/wp\/v2\/types\/post"}],"author":[{"embeddable":true,"href":"https:\/\/tvtecjundiai.com.br\/news\/wp-json\/wp\/v2\/users\/30"}],"replies":[{"embeddable":true,"href":"https:\/\/tvtecjundiai.com.br\/news\/wp-json\/wp\/v2\/comments?post=108978"}],"version-history":[{"count":1,"href":"https:\/\/tvtecjundiai.com.br\/news\/wp-json\/wp\/v2\/posts\/108978\/revisions"}],"predecessor-version":[{"id":108979,"href":"https:\/\/tvtecjundiai.com.br\/news\/wp-json\/wp\/v2\/posts\/108978\/revisions\/108979"}],"wp:featuredmedia":[{"embeddable":true,"href":"https:\/\/tvtecjundiai.com.br\/news\/wp-json\/wp\/v2\/media\/100966"}],"wp:attachment":[{"href":"https:\/\/tvtecjundiai.com.br\/news\/wp-json\/wp\/v2\/media?parent=108978"}],"wp:term":[{"taxonomy":"category","embeddable":true,"href":"https:\/\/tvtecjundiai.com.br\/news\/wp-json\/wp\/v2\/categories?post=108978"},{"taxonomy":"post_tag","embeddable":true,"href":"https:\/\/tvtecjundiai.com.br\/news\/wp-json\/wp\/v2\/tags?post=108978"}],"curies":[{"name":"wp","href":"https:\/\/api.w.org\/{rel}","templated":true}]}}