{"id":108995,"date":"2023-05-11T09:10:49","date_gmt":"2023-05-11T12:10:49","guid":{"rendered":"https:\/\/tvtecjundiai.com.br\/news\/?p=108995"},"modified":"2023-05-11T09:10:56","modified_gmt":"2023-05-11T12:10:56","slug":"assistencia-social-de-varzea-paulista-conhece-servicos-de-jundiai","status":"publish","type":"post","link":"https:\/\/tvtecjundiai.com.br\/news\/2023\/05\/11\/assistencia-social-de-varzea-paulista-conhece-servicos-de-jundiai\/","title":{"rendered":"Assist\u00eancia Social de V\u00e1rzea Paulista conhece servi\u00e7os de Jundia\u00ed"},"content":{"rendered":"\n<p>Profissionais da Assist\u00eancia Social de V\u00e1rzea Paulista conheceram, nesta ter\u00e7a-feira (9), diversos servi\u00e7os disponibilizados \u00e0s pessoas em situa\u00e7\u00e3o de rua em Jundia\u00ed. Participaram da visita a diretora de Prote\u00e7\u00e3o Especial de V\u00e1rzea Paulista, Vanessa Cassiano, a gestora do SUAS (Sistema \u00danico de Assist\u00eancia Social) M\u00f4nica Pazotto Barbosa a coordenadora do CREAS Sueli Ramos.<\/p>\n\n\n\n<p>\u201cN\u00f3s estamos come\u00e7ando o servi\u00e7o de abordagem social em V\u00e1rzea Paulista e o interc\u00e2mbio com Jundia\u00ed \u00e9 muito importante para que o nosso servi\u00e7o seja mais assertivo. Conhecendo as experi\u00eancias bem-sucedidas daqui, podemos levar projetos para V\u00e1rzea Paulista\u201d, comentou a gestora do SUAS.<\/p>\n\n\n\n<p>Depois de acompanharem a abordagem social nas ruas, os profissionais tamb\u00e9m visitaram a Casa de Passagem. \u201cOs profissionais de V\u00e1rzea Paulista tiveram como espelho os projetos desenvolvidos na cidade, principalmente a interliga\u00e7\u00e3o entre Abordagem Social, Centro POP e Abrigos montando uma rede de prote\u00e7\u00e3o eficiente\u201d, lembrou Jo\u00e3o Guilherme Oliveira, gerente da Rede Pop de Jundia\u00ed.<\/p>\n\n\n\n<figure class=\"wp-block-image size-large\"><img loading=\"lazy\" decoding=\"async\" width=\"1200\" height=\"534\" src=\"https:\/\/tvtecjundiai.com.br\/news\/wp-content\/uploads\/sites\/2\/2023\/05\/whatsapp-image-2023-05-10-at-15-23-46-1-1280x570-1-1200x534.jpeg\" alt=\"\" class=\"wp-image-108996\" srcset=\"https:\/\/tvtecjundiai.com.br\/news\/wp-content\/uploads\/sites\/2\/2023\/05\/whatsapp-image-2023-05-10-at-15-23-46-1-1280x570-1-1200x534.jpeg 1200w, https:\/\/tvtecjundiai.com.br\/news\/wp-content\/uploads\/sites\/2\/2023\/05\/whatsapp-image-2023-05-10-at-15-23-46-1-1280x570-1-300x134.jpeg 300w, https:\/\/tvtecjundiai.com.br\/news\/wp-content\/uploads\/sites\/2\/2023\/05\/whatsapp-image-2023-05-10-at-15-23-46-1-1280x570-1-768x342.jpeg 768w, https:\/\/tvtecjundiai.com.br\/news\/wp-content\/uploads\/sites\/2\/2023\/05\/whatsapp-image-2023-05-10-at-15-23-46-1-1280x570-1.jpeg 1280w\" sizes=\"auto, (max-width: 1200px) 100vw, 1200px\" \/><\/figure>\n\n\n\n<p><\/p>\n\n\n\n<p><em><strong>(Fonte\/Imagem: Prefeitura de Jundia\u00ed)<\/strong><\/em><\/p>\n","protected":false},"excerpt":{"rendered":"<p>Ap\u00f3s acompanharem a abordagem social nas ruas, os profissionais visitaram a Casa de Passagem<\/p>\n","protected":false},"author":30,"featured_media":108996,"comment_status":"closed","ping_status":"0","sticky":false,"template":"","format":"standard","meta":{"footnotes":""},"categories":[8356,1],"tags":[],"class_list":["post-108995","post","type-post","status-publish","format-standard","has-post-thumbnail","hentry","category-jundiai","category-noticias"],"_links":{"self":[{"href":"https:\/\/tvtecjundiai.com.br\/news\/wp-json\/wp\/v2\/posts\/108995","targetHints":{"allow":["GET"]}}],"collection":[{"href":"https:\/\/tvtecjundiai.com.br\/news\/wp-json\/wp\/v2\/posts"}],"about":[{"href":"https:\/\/tvtecjundiai.com.br\/news\/wp-json\/wp\/v2\/types\/post"}],"author":[{"embeddable":true,"href":"https:\/\/tvtecjundiai.com.br\/news\/wp-json\/wp\/v2\/users\/30"}],"replies":[{"embeddable":true,"href":"https:\/\/tvtecjundiai.com.br\/news\/wp-json\/wp\/v2\/comments?post=108995"}],"version-history":[{"count":1,"href":"https:\/\/tvtecjundiai.com.br\/news\/wp-json\/wp\/v2\/posts\/108995\/revisions"}],"predecessor-version":[{"id":108997,"href":"https:\/\/tvtecjundiai.com.br\/news\/wp-json\/wp\/v2\/posts\/108995\/revisions\/108997"}],"wp:featuredmedia":[{"embeddable":true,"href":"https:\/\/tvtecjundiai.com.br\/news\/wp-json\/wp\/v2\/media\/108996"}],"wp:attachment":[{"href":"https:\/\/tvtecjundiai.com.br\/news\/wp-json\/wp\/v2\/media?parent=108995"}],"wp:term":[{"taxonomy":"category","embeddable":true,"href":"https:\/\/tvtecjundiai.com.br\/news\/wp-json\/wp\/v2\/categories?post=108995"},{"taxonomy":"post_tag","embeddable":true,"href":"https:\/\/tvtecjundiai.com.br\/news\/wp-json\/wp\/v2\/tags?post=108995"}],"curies":[{"name":"wp","href":"https:\/\/api.w.org\/{rel}","templated":true}]}}