{"id":108998,"date":"2023-05-11T09:43:53","date_gmt":"2023-05-11T12:43:53","guid":{"rendered":"https:\/\/tvtecjundiai.com.br\/news\/?p=108998"},"modified":"2023-05-11T09:43:56","modified_gmt":"2023-05-11T12:43:56","slug":"operacao-cidade-limpa-comeca-na-segunda-feira-15","status":"publish","type":"post","link":"https:\/\/tvtecjundiai.com.br\/news\/2023\/05\/11\/operacao-cidade-limpa-comeca-na-segunda-feira-15\/","title":{"rendered":"Opera\u00e7\u00e3o Cidade Limpa come\u00e7a na segunda-feira (15)"},"content":{"rendered":"\n<p>A opera\u00e7\u00e3o Cidade Limpa ter\u00e1 in\u00edcio na segunda-feira (15) em Jundia\u00ed. O programa, que \u00e9 uma parceria da Prefeitura de Jundia\u00ed com a TV TEM, vai at\u00e9 o dia 26 de maio e tem o objetivo de recolher materiais inserv\u00edveis e volumosos. No primeiro dia ser\u00e3o atendidas as seguintes localidades: Parque Residencial Jundia\u00ed, Parque Residencial Almerinda Chaves, Jardim Novo Horizonte (Estrada Municipal do Varj\u00e3o), Conjunto Habitacional Jo\u00e3o Mezzalira Junior, Residencial dos Cravos, Fazenda Grande, Residencial Santa Giovana e Tulipas.<\/p>\n\n\n\n<p>\u201cAlguns dos materiais recolhidos s\u00e3o restos de madeiras, m\u00f3veis velhos, colch\u00e3o, pneus que podem acumular \u00e1gua e outros materiais. Restos de materiais de constru\u00e7\u00e3o n\u00e3o ser\u00e3o aceitos e devem ser levados aos ecopontos disponibilizados gratuitamente pela Prefeitura\u201d, comenta M\u00e1rcio Moraes, Diretor do Departamento de Limpeza P\u00fablica, que est\u00e1 ligado \u00e0 Unidade de Gest\u00e3o de Infraestrutura e Servi\u00e7os P\u00fablicos (UGISP).<\/p>\n\n\n\n<p>Em 2022, foram recolhidas cerca de 42 toneladas de materiais inserv\u00edveis. O montante representa um aumento de 5% em rela\u00e7\u00e3o ao ano de 2020, quando foram recolhidas cerca de 40 toneladas. Devido \u00e0 pandemia, n\u00e3o houve a opera\u00e7\u00e3o em 2021. Os materiais s\u00e3o encaminhados ao Gerenciamento de Res\u00edduos S\u00f3lidos (Geresol) para destina\u00e7\u00e3o correta.<\/p>\n\n\n\n<figure class=\"wp-block-gallery has-nested-images columns-default is-cropped wp-block-gallery-1 is-layout-flex wp-block-gallery-is-layout-flex\">\n<figure class=\"wp-block-image size-large\"><img loading=\"lazy\" decoding=\"async\" width=\"1200\" height=\"789\" data-id=\"108999\" src=\"https:\/\/tvtecjundiai.com.br\/news\/wp-content\/uploads\/sites\/2\/2023\/05\/cidade-limpa-6-1280x842-1-1200x789.jpg\" alt=\"\" class=\"wp-image-108999\" srcset=\"https:\/\/tvtecjundiai.com.br\/news\/wp-content\/uploads\/sites\/2\/2023\/05\/cidade-limpa-6-1280x842-1-1200x789.jpg 1200w, https:\/\/tvtecjundiai.com.br\/news\/wp-content\/uploads\/sites\/2\/2023\/05\/cidade-limpa-6-1280x842-1-300x197.jpg 300w, https:\/\/tvtecjundiai.com.br\/news\/wp-content\/uploads\/sites\/2\/2023\/05\/cidade-limpa-6-1280x842-1-768x505.jpg 768w, https:\/\/tvtecjundiai.com.br\/news\/wp-content\/uploads\/sites\/2\/2023\/05\/cidade-limpa-6-1280x842-1.jpg 1280w\" sizes=\"auto, (max-width: 1200px) 100vw, 1200px\" \/><\/figure>\n\n\n\n<figure class=\"wp-block-image size-large\"><img loading=\"lazy\" decoding=\"async\" width=\"1200\" height=\"900\" data-id=\"109000\" src=\"https:\/\/tvtecjundiai.com.br\/news\/wp-content\/uploads\/sites\/2\/2023\/05\/cidade_limpa_varjao2_editada-1200x900.jpg\" alt=\"\" class=\"wp-image-109000\" srcset=\"https:\/\/tvtecjundiai.com.br\/news\/wp-content\/uploads\/sites\/2\/2023\/05\/cidade_limpa_varjao2_editada-1200x900.jpg 1200w, https:\/\/tvtecjundiai.com.br\/news\/wp-content\/uploads\/sites\/2\/2023\/05\/cidade_limpa_varjao2_editada-300x225.jpg 300w, https:\/\/tvtecjundiai.com.br\/news\/wp-content\/uploads\/sites\/2\/2023\/05\/cidade_limpa_varjao2_editada-768x576.jpg 768w, https:\/\/tvtecjundiai.com.br\/news\/wp-content\/uploads\/sites\/2\/2023\/05\/cidade_limpa_varjao2_editada.jpg 1280w\" sizes=\"auto, (max-width: 1200px) 100vw, 1200px\" \/><\/figure>\n<\/figure>\n\n\n\n<p><\/p>\n\n\n\n<p><strong>Programa\u00e7\u00e3o do Cidade Limpa em Jundia\u00ed<\/strong><\/p>\n\n\n\n<p><strong>15 de maio: <\/strong>Parque Residencial Jundia\u00ed, Parque Residencial Almerinda Chaves, Jardim Novo Horizonte (Estrada Municipal do Varj\u00e3o), Conjunto Habitacional Jo\u00e3o Mezzalira Junior, Residencial dos Cravos, Fazenda Grande, Residencial Santa Giovana e Tulipas.<\/p>\n\n\n\n<p><strong>16 de maio:<\/strong> Morada das Vinhas (rua Uva Ni\u00e1gara), Cecap, Terra da Uva, Parque dos Ing\u00e1s, Vista Alegre, Parque Centen\u00e1rio, Vila Marlene e Jardim Sales.<\/p>\n\n\n\n<p><strong>17 de maio:<\/strong> Vila Liberdade, Vila Rio Branco, Horto Florestal, Jardim Fepasa, Vila Lacerda, Vila Hortol\u00e2ndia, Parque da Represa e Jardim Sorocabana.<\/p>\n\n\n\n<p><strong>18 de maio:<\/strong> Jundia\u00ed Mirim, Jardim Calif\u00f3rnia, Jardim S\u00e3o Marcos, Jardim S\u00e3o Camilo, Vila Aparecida, Ponte S\u00e3o Jo\u00e3o, Vila Graff e Col\u00f4nia.<\/p>\n\n\n\n<p><strong>19 de maio:<\/strong> Roseira, Bairro da Toca, Nova Odessa, Caxambu, Vale Azul, Jardim Ca\u00e7ula, Jardim do L\u00edrio e Rio Acima.<\/p>\n\n\n\n<p><strong>22 de maio:<\/strong> Vila Ana, Jardim Paulista, Jardim Bonfiglioli, Vila Rami, Vila Comercial, Vila Maring\u00e1, Jardim Martins e Jardim Copacabana.<\/p>\n\n\n\n<p><strong>23 de maio: <\/strong>Vila Nambi, Vila Santana, Vila Ruy Barbosa, Jardim Tamoio, Vila Tupi (N\u00facleo Balsan), Jardim Pacaembu, Ivoturucaia e Cidade Nova.<\/p>\n\n\n\n<p><strong>24 de maio:<\/strong> Vila Alvorada, Gramad\u00e3o, Retiro, Jardim Guanabara, Engordadouro, Jardim Ad\u00e9lia, \u00c1gua Doce e Travi\u00fa.<\/p>\n\n\n\n<p><strong>25 de maio: <\/strong>Medeiros, Jardim Tannus, Eloy Chaves, Horto Santo Antonio, Parque Quinta das Videiras, Jardim Am\u00e9rica, Jardim Samambaia e Jardim do Trevo.<\/p>\n\n\n\n<p><strong>26 de maio:<\/strong> Santa Gertrudes, Jardim do Lago, Parque Cidade Jardim I e II, Vila Progresso, Vila Cristo Redentor, Vila Esperan\u00e7a, Vila Mafalda e Jardim Esplanada.<\/p>\n\n\n\n<p><em><strong>(Fonte\/Imagens: Prefeitura de Jundia\u00ed)<\/strong><\/em><\/p>\n","protected":false},"excerpt":{"rendered":"<p>O programa vai at\u00e9 o dia 26 de maio e tem o objetivo de recolher materiais inserv\u00edveis e volumosos<\/p>\n","protected":false},"author":30,"featured_media":109000,"comment_status":"closed","ping_status":"0","sticky":false,"template":"","format":"standard","meta":{"footnotes":""},"categories":[2834,8356,1],"tags":[],"class_list":["post-108998","post","type-post","status-publish","format-standard","has-post-thumbnail","hentry","category-cidades","category-jundiai","category-noticias"],"_links":{"self":[{"href":"https:\/\/tvtecjundiai.com.br\/news\/wp-json\/wp\/v2\/posts\/108998","targetHints":{"allow":["GET"]}}],"collection":[{"href":"https:\/\/tvtecjundiai.com.br\/news\/wp-json\/wp\/v2\/posts"}],"about":[{"href":"https:\/\/tvtecjundiai.com.br\/news\/wp-json\/wp\/v2\/types\/post"}],"author":[{"embeddable":true,"href":"https:\/\/tvtecjundiai.com.br\/news\/wp-json\/wp\/v2\/users\/30"}],"replies":[{"embeddable":true,"href":"https:\/\/tvtecjundiai.com.br\/news\/wp-json\/wp\/v2\/comments?post=108998"}],"version-history":[{"count":1,"href":"https:\/\/tvtecjundiai.com.br\/news\/wp-json\/wp\/v2\/posts\/108998\/revisions"}],"predecessor-version":[{"id":109001,"href":"https:\/\/tvtecjundiai.com.br\/news\/wp-json\/wp\/v2\/posts\/108998\/revisions\/109001"}],"wp:featuredmedia":[{"embeddable":true,"href":"https:\/\/tvtecjundiai.com.br\/news\/wp-json\/wp\/v2\/media\/109000"}],"wp:attachment":[{"href":"https:\/\/tvtecjundiai.com.br\/news\/wp-json\/wp\/v2\/media?parent=108998"}],"wp:term":[{"taxonomy":"category","embeddable":true,"href":"https:\/\/tvtecjundiai.com.br\/news\/wp-json\/wp\/v2\/categories?post=108998"},{"taxonomy":"post_tag","embeddable":true,"href":"https:\/\/tvtecjundiai.com.br\/news\/wp-json\/wp\/v2\/tags?post=108998"}],"curies":[{"name":"wp","href":"https:\/\/api.w.org\/{rel}","templated":true}]}}