{"id":109002,"date":"2023-05-11T10:14:27","date_gmt":"2023-05-11T13:14:27","guid":{"rendered":"https:\/\/tvtecjundiai.com.br\/news\/?p=109002"},"modified":"2023-05-11T10:22:42","modified_gmt":"2023-05-11T13:22:42","slug":"exposicao-sobre-o-holocausto-no-museu-solar-do-barao-abre-nesta-quinta-11","status":"publish","type":"post","link":"https:\/\/tvtecjundiai.com.br\/news\/2023\/05\/11\/exposicao-sobre-o-holocausto-no-museu-solar-do-barao-abre-nesta-quinta-11\/","title":{"rendered":"Exposi\u00e7\u00e3o sobre o Holocausto no Museu Solar do Bar\u00e3o abre nesta quinta (11)"},"content":{"rendered":"\n<p>A partir desta quinta-feira (11), o Museu Hist\u00f3rico e Cultural Solar do Bar\u00e3o recebe a exposi\u00e7\u00e3o \u201cHolocausto: para que nunca se negue, para que nunca se esque\u00e7a e para que nunca mais se repita\u201d. Com abertura oficial marcada \u00e0s 14h30, a mostra re\u00fane, al\u00e9m de exibi\u00e7\u00e3o promovida pela Unidade de Gest\u00e3o de Cultura (UGC) da Prefeitura, acervos de mostras afins \u00e0 tem\u00e1tica, propostas pelo Memorial da Imigra\u00e7\u00e3o Judaica e do Holocausto de S\u00e3o Paulo e pelo Consulado Geral da Rep\u00fablica da Litu\u00e2nia de S\u00e3o Paulo, importantes parceiros nesta realiza\u00e7\u00e3o.<\/p>\n\n\n\n<p>A exposi\u00e7\u00e3o fica em cartaz at\u00e9 o dia 6 de agosto, com entrada gratuita e faixa et\u00e1ria indicada para maiores de 12 anos. Crian\u00e7as menores dessa idade poder\u00e3o fazer a visita somente se acompanhadas de adultos respons\u00e1veis.<\/p>\n\n\n\n<p>\u201cAl\u00e9m da reflex\u00e3o sobre o Holocausto, esta exposi\u00e7\u00e3o vai ao encontro da proposta de di\u00e1logo que queremos realizar enquanto sociedade, como solu\u00e7\u00e3o para a conviv\u00eancia entre as diferen\u00e7as, em vez da constru\u00e7\u00e3o de muros e de cercas. E isto tamb\u00e9m faz sentido dentro do programa Cidade das Crian\u00e7as, uma vez que o Nazismo tamb\u00e9m fez das crian\u00e7as suas v\u00edtimas\u201d, comentou o gestor de Cultura, Marcelo Peroni.<\/p>\n\n\n<div class=\"wp-block-image\">\n<figure class=\"aligncenter size-large\"><img loading=\"lazy\" decoding=\"async\" width=\"1200\" height=\"799\" src=\"https:\/\/tvtecjundiai.com.br\/news\/wp-content\/uploads\/sites\/2\/2023\/05\/holocausto_museu_solar_do_barao-1-2-1280x852-1-1200x799.jpg\" alt=\"\" class=\"wp-image-109006\" srcset=\"https:\/\/tvtecjundiai.com.br\/news\/wp-content\/uploads\/sites\/2\/2023\/05\/holocausto_museu_solar_do_barao-1-2-1280x852-1-1200x799.jpg 1200w, https:\/\/tvtecjundiai.com.br\/news\/wp-content\/uploads\/sites\/2\/2023\/05\/holocausto_museu_solar_do_barao-1-2-1280x852-1-300x200.jpg 300w, https:\/\/tvtecjundiai.com.br\/news\/wp-content\/uploads\/sites\/2\/2023\/05\/holocausto_museu_solar_do_barao-1-2-1280x852-1-768x511.jpg 768w, https:\/\/tvtecjundiai.com.br\/news\/wp-content\/uploads\/sites\/2\/2023\/05\/holocausto_museu_solar_do_barao-1-2-1280x852-1.jpg 1280w\" sizes=\"auto, (max-width: 1200px) 100vw, 1200px\" \/><figcaption class=\"wp-element-caption\">Equipes acertam os \u00faltimos detalhes da montagem para a abertura oficial nesta quinta (11)<\/figcaption><\/figure>\n<\/div>\n\n\n<p><\/p>\n\n\n\n<p>O diretor do Departamento de Museus Paulo Vicentini tra\u00e7a um paralelo desta com a exposi\u00e7\u00e3o \u201cTri\u00e2ngulos Roxos\u201d, de que muitos jundiaienses ainda se recordam. \u201cS\u00e3o exposi\u00e7\u00f5es muito diferentes entre si, mas que possuem o mesmo objetivo: demonstrar claramente \u00e0 popula\u00e7\u00e3o que o Nazismo e o Fascismo foram, s\u00e3o e sempre ser\u00e3o os piores inimigos da sociedade\u201d.<\/p>\n\n\n\n<p>Disposta pelas salas do pr\u00e9dio hist\u00f3rico do Museu, a parte da exposi\u00e7\u00e3o proposta pela UGC retrata por meio de documentos, fotos, mapas, depoimentos e instala\u00e7\u00f5es interativas um panorama da ascens\u00e3o do regime Nazista, a 2\u00aa Guerra Mundial, as atrocidades cometidas contra a Humanidade, a realidade dos campos de concentra\u00e7\u00e3o, das c\u00e2maras de g\u00e1s, al\u00e9m das hist\u00f3rias das v\u00edtimas, inclusive os sobreviventes, e os tribunais de julgamento dos atrozes do regime.<\/p>\n\n\n\n<p>Ainda no andar t\u00e9rreo, a exposi\u00e7\u00e3o \u201cSho\u00e1: como foi humanamente poss\u00edvel?\u201d, proposta pelo Memorial da Imigra\u00e7\u00e3o Judaica e do Holocausto de S\u00e3o Paulo, prop\u00f5e a reflex\u00e3o do visitante sobre o tema por meio de fotos, charges, depoimentos, e instala\u00e7\u00f5es interativas.<\/p>\n\n\n\n<p>J\u00e1 nas salas expositivas do andar inferior do pr\u00e9dio, o visitante poder\u00e1 conferir a exposi\u00e7\u00e3o \u201cOs justos entre as na\u00e7\u00f5es da Litu\u00e2nia\u201d, promovida pelo Consulado de S\u00e3o Paulo e pelo Consulado Honor\u00e1rio do Guaruj\u00e1. Por meio de fotos, depoimentos e excertos de livros, a mostra retrata a importante contribui\u00e7\u00e3o de lituanos para salvar, esconder e libertar as v\u00edtimas do regime nazi-fascista.<\/p>\n\n\n<div class=\"wp-block-image\">\n<figure class=\"aligncenter size-large\"><img loading=\"lazy\" decoding=\"async\" width=\"1200\" height=\"801\" src=\"https:\/\/tvtecjundiai.com.br\/news\/wp-content\/uploads\/sites\/2\/2023\/05\/holocausto_museu_solar_do_barao-2-1-1280x854-1-1200x801.jpg\" alt=\"\" class=\"wp-image-109007\" srcset=\"https:\/\/tvtecjundiai.com.br\/news\/wp-content\/uploads\/sites\/2\/2023\/05\/holocausto_museu_solar_do_barao-2-1-1280x854-1-1200x801.jpg 1200w, https:\/\/tvtecjundiai.com.br\/news\/wp-content\/uploads\/sites\/2\/2023\/05\/holocausto_museu_solar_do_barao-2-1-1280x854-1-300x200.jpg 300w, https:\/\/tvtecjundiai.com.br\/news\/wp-content\/uploads\/sites\/2\/2023\/05\/holocausto_museu_solar_do_barao-2-1-1280x854-1-768x512.jpg 768w, https:\/\/tvtecjundiai.com.br\/news\/wp-content\/uploads\/sites\/2\/2023\/05\/holocausto_museu_solar_do_barao-2-1-1280x854-1.jpg 1280w\" sizes=\"auto, (max-width: 1200px) 100vw, 1200px\" \/><figcaption class=\"wp-element-caption\">Exposi\u00e7\u00e3o traz fotos, documentos, mapas, textos, objetos e depoimentos<\/figcaption><\/figure>\n<\/div>\n\n\n<p><\/p>\n\n\n\n<p><strong>Forma\u00e7\u00e3o<\/strong><\/p>\n\n\n\n<p>Vicentini acrescenta que, desde a montagem da exposi\u00e7\u00e3o at\u00e9 as pr\u00f3ximas semanas, t\u00eam sido realizadas forma\u00e7\u00f5es a educadores e profissionais de diversos segmentos, al\u00e9m da organiza\u00e7\u00e3o de visitas de grupos de alunos. \u201cLouve-se o trabalho da Diretoria de Ensino de Jundia\u00ed e de seus integrantes, que muito t\u00eam mobilizado os seus professores para conhecer a exposi\u00e7\u00e3o\u201d, registrou o diretor, que acrescentou que pela primeira vez o Museu ir\u00e1 disponibilizar todo o material gr\u00e1fico da parte promovida pela UGC na exposi\u00e7\u00e3o para os educadores interessados.<\/p>\n\n\n\n<p><strong>Museu Hist\u00f3rico e Cultural Solar do Bar\u00e3o<\/strong><\/p>\n\n\n\n<p>O Museu fica na rua Bar\u00e3o de Jundia\u00ed, 762, Centro. Com entrada gratuita, fica aberto de ter\u00e7a-feira a domingo e feriados, das 10h \u00e0s 17h. Mais informa\u00e7\u00f5es pelo telefone (11) 4521-6259.<\/p>\n\n\n\n<p><strong><em>(Fonte\/Imagens: Prefeitura de Jundia\u00ed)<\/em><\/strong><\/p>\n","protected":false},"excerpt":{"rendered":"<p>Com entrada gratuita, a exposi\u00e7\u00e3o fica em cartaz at\u00e9 o dia 6 de agosto<\/p>\n","protected":false},"author":30,"featured_media":109007,"comment_status":"closed","ping_status":"0","sticky":false,"template":"","format":"standard","meta":{"footnotes":""},"categories":[2833,8356,1],"tags":[],"class_list":["post-109002","post","type-post","status-publish","format-standard","has-post-thumbnail","hentry","category-cultura","category-jundiai","category-noticias"],"_links":{"self":[{"href":"https:\/\/tvtecjundiai.com.br\/news\/wp-json\/wp\/v2\/posts\/109002","targetHints":{"allow":["GET"]}}],"collection":[{"href":"https:\/\/tvtecjundiai.com.br\/news\/wp-json\/wp\/v2\/posts"}],"about":[{"href":"https:\/\/tvtecjundiai.com.br\/news\/wp-json\/wp\/v2\/types\/post"}],"author":[{"embeddable":true,"href":"https:\/\/tvtecjundiai.com.br\/news\/wp-json\/wp\/v2\/users\/30"}],"replies":[{"embeddable":true,"href":"https:\/\/tvtecjundiai.com.br\/news\/wp-json\/wp\/v2\/comments?post=109002"}],"version-history":[{"count":2,"href":"https:\/\/tvtecjundiai.com.br\/news\/wp-json\/wp\/v2\/posts\/109002\/revisions"}],"predecessor-version":[{"id":109008,"href":"https:\/\/tvtecjundiai.com.br\/news\/wp-json\/wp\/v2\/posts\/109002\/revisions\/109008"}],"wp:featuredmedia":[{"embeddable":true,"href":"https:\/\/tvtecjundiai.com.br\/news\/wp-json\/wp\/v2\/media\/109007"}],"wp:attachment":[{"href":"https:\/\/tvtecjundiai.com.br\/news\/wp-json\/wp\/v2\/media?parent=109002"}],"wp:term":[{"taxonomy":"category","embeddable":true,"href":"https:\/\/tvtecjundiai.com.br\/news\/wp-json\/wp\/v2\/categories?post=109002"},{"taxonomy":"post_tag","embeddable":true,"href":"https:\/\/tvtecjundiai.com.br\/news\/wp-json\/wp\/v2\/tags?post=109002"}],"curies":[{"name":"wp","href":"https:\/\/api.w.org\/{rel}","templated":true}]}}