{"id":109009,"date":"2023-05-11T10:33:47","date_gmt":"2023-05-11T13:33:47","guid":{"rendered":"https:\/\/tvtecjundiai.com.br\/news\/?p=109009"},"modified":"2023-05-11T10:33:48","modified_gmt":"2023-05-11T13:33:48","slug":"moradores-do-santa-gertrudes-aproveitam-nova-praca-familia-espaco-pet","status":"publish","type":"post","link":"https:\/\/tvtecjundiai.com.br\/news\/2023\/05\/11\/moradores-do-santa-gertrudes-aproveitam-nova-praca-familia-espaco-pet\/","title":{"rendered":"Moradores do Santa Gertrudes aproveitam nova Pra\u00e7a Fam\u00edlia &amp; Espa\u00e7o Pet"},"content":{"rendered":"\n<p>Crian\u00e7as, adultos e idosos do Jardim Santa Gertrudes ganharam uma nova op\u00e7\u00e3o de lazer. Mesmo antes da entrega oficial, desde abril os moradores j\u00e1 desfrutam da nova Pra\u00e7a Fam\u00edlia &amp; Espa\u00e7o Pet, localizada entre as ruas \u00c2ngelo Bardi e Emerson Barbosa da Silva. O espa\u00e7o recebeu investimentos de R$ 300 mil, com recursos pr\u00f3prios da Unidade de Gest\u00e3o de Infraestrutura e Servi\u00e7os P\u00fablicos (UGISP).<\/p>\n\n\n\n<p>A pra\u00e7a conta com academia ao ar livre e um espa\u00e7o com aparelhos destinados para as atividades dos pets. Al\u00e9m disso, h\u00e1 quadra de futebol e um parque com balan\u00e7o, gangorra, casinha de madeira, bancos para descanso e outros brinquedos.<\/p>\n\n\n\n<figure class=\"wp-block-gallery has-nested-images columns-default is-cropped wp-block-gallery-1 is-layout-flex wp-block-gallery-is-layout-flex\">\n<figure class=\"wp-block-image size-large\"><img loading=\"lazy\" decoding=\"async\" width=\"1280\" height=\"854\" data-id=\"109011\" src=\"https:\/\/tvtecjundiai.com.br\/news\/wp-content\/uploads\/sites\/2\/2023\/05\/espaco-familia-pet-no-bairro-santa-gertrudes_fm_-2-3-1280x854-2.jpg\" alt=\"\" class=\"wp-image-109011\" \/><figcaption class=\"wp-element-caption\">Luiz Henrique e Jaylon aproveitam a academia ao ar livre<\/figcaption><\/figure>\n\n\n\n<figure class=\"wp-block-image size-large\"><img loading=\"lazy\" decoding=\"async\" width=\"1200\" height=\"783\" data-id=\"109012\" src=\"https:\/\/tvtecjundiai.com.br\/news\/wp-content\/uploads\/sites\/2\/2023\/05\/espaco-familia-pet-no-bairro-santa-gertrudes_fm_-8-1280x835-1-1200x783.jpg\" alt=\"\" class=\"wp-image-109012\" srcset=\"https:\/\/tvtecjundiai.com.br\/news\/wp-content\/uploads\/sites\/2\/2023\/05\/espaco-familia-pet-no-bairro-santa-gertrudes_fm_-8-1280x835-1-1200x783.jpg 1200w, https:\/\/tvtecjundiai.com.br\/news\/wp-content\/uploads\/sites\/2\/2023\/05\/espaco-familia-pet-no-bairro-santa-gertrudes_fm_-8-1280x835-1-300x196.jpg 300w, https:\/\/tvtecjundiai.com.br\/news\/wp-content\/uploads\/sites\/2\/2023\/05\/espaco-familia-pet-no-bairro-santa-gertrudes_fm_-8-1280x835-1-768x501.jpg 768w, https:\/\/tvtecjundiai.com.br\/news\/wp-content\/uploads\/sites\/2\/2023\/05\/espaco-familia-pet-no-bairro-santa-gertrudes_fm_-8-1280x835-1.jpg 1280w\" sizes=\"auto, (max-width: 1200px) 100vw, 1200px\" \/><figcaption class=\"wp-element-caption\">Os amigos ficaram realizados com a nova quadra no bairro<\/figcaption><\/figure>\n<\/figure>\n\n\n\n<p><\/p>\n\n\n\n<p>O local fez sucesso entre os moradores. Os amigos Jaylon Ribeiro Mota e Luiz Henrique Estanislau Carvalho, de 14 anos, costumam aproveitar as novas instala\u00e7\u00f5es quase todos os dias. \u201cFicamos felizes com esse novo espa\u00e7o para brincar. A gente costuma usar a academia ao ar livre e principalmente a quadra para jogar bola com os amigos da rua\u201d, explica Jaylon.<\/p>\n\n\n\n<p>\u201cA amplia\u00e7\u00e3o da oferta de lazer na cidade contribui com o aumento da qualidade de vida das pessoas. Espa\u00e7os p\u00fablicos revitalizados e bem equipados fomentam a ocupa\u00e7\u00e3o das pessoas e d\u00e3o vida \u00e0 cidade\u201d, afirma o Prefeito Luiz Fernando Machado.<\/p>\n\n\n<div class=\"wp-block-image\">\n<figure class=\"aligncenter size-large\"><img loading=\"lazy\" decoding=\"async\" width=\"1200\" height=\"823\" src=\"https:\/\/tvtecjundiai.com.br\/news\/wp-content\/uploads\/sites\/2\/2023\/05\/espaco-familia-pet-no-bairro-santa-gertrudes_fm_-17-1280x878-1-1200x823.jpg\" alt=\"\" class=\"wp-image-109013\" srcset=\"https:\/\/tvtecjundiai.com.br\/news\/wp-content\/uploads\/sites\/2\/2023\/05\/espaco-familia-pet-no-bairro-santa-gertrudes_fm_-17-1280x878-1-1200x823.jpg 1200w, https:\/\/tvtecjundiai.com.br\/news\/wp-content\/uploads\/sites\/2\/2023\/05\/espaco-familia-pet-no-bairro-santa-gertrudes_fm_-17-1280x878-1-300x206.jpg 300w, https:\/\/tvtecjundiai.com.br\/news\/wp-content\/uploads\/sites\/2\/2023\/05\/espaco-familia-pet-no-bairro-santa-gertrudes_fm_-17-1280x878-1-768x527.jpg 768w, https:\/\/tvtecjundiai.com.br\/news\/wp-content\/uploads\/sites\/2\/2023\/05\/espaco-familia-pet-no-bairro-santa-gertrudes_fm_-17-1280x878-1.jpg 1280w\" sizes=\"auto, (max-width: 1200px) 100vw, 1200px\" \/><figcaption class=\"wp-element-caption\">Novos locais de lazer fomentam a ocupa\u00e7\u00e3o das pessoas nos espa\u00e7os p\u00fablicos<\/figcaption><\/figure>\n<\/div>\n\n\n<p><\/p>\n\n\n\n<p>Com a inaugura\u00e7\u00e3o da nova Pra\u00e7a Fam\u00edlia &amp; Espa\u00e7o Pet no Santa Gertrudes, Jundia\u00ed chegou a oito espa\u00e7os p\u00fablicos com esse conceito. Os outros sete est\u00e3o localizados nos bairros Nova Cidade Jardim, Eloy Chaves, Parque da Represa, Jardim Merci, Ponte S\u00e3o Jo\u00e3o e Col\u00f4nia, al\u00e9m da avenida Nove de Julho.<\/p>\n\n\n\n<p>\u201cEste \u00e9 um novo conceito que trouxemos para Jundia\u00ed, para que as fam\u00edlia desfrutem de momentos de lazer e divers\u00e3o com as crian\u00e7as e pets. Ampliaremos a oferta desses espa\u00e7os para outros bairros\u201d, comenta o Gestor da UGISP, Adilson Rosa.<\/p>\n\n\n<div class=\"wp-block-image\">\n<figure class=\"aligncenter size-large\"><img loading=\"lazy\" decoding=\"async\" width=\"1200\" height=\"801\" src=\"https:\/\/tvtecjundiai.com.br\/news\/wp-content\/uploads\/sites\/2\/2023\/05\/espaco-familia-pet-no-bairro-santa-gertrudes_fm_-31-1-1280x854-1-1200x801.jpg\" alt=\"\" class=\"wp-image-109014\" srcset=\"https:\/\/tvtecjundiai.com.br\/news\/wp-content\/uploads\/sites\/2\/2023\/05\/espaco-familia-pet-no-bairro-santa-gertrudes_fm_-31-1-1280x854-1-1200x801.jpg 1200w, https:\/\/tvtecjundiai.com.br\/news\/wp-content\/uploads\/sites\/2\/2023\/05\/espaco-familia-pet-no-bairro-santa-gertrudes_fm_-31-1-1280x854-1-300x200.jpg 300w, https:\/\/tvtecjundiai.com.br\/news\/wp-content\/uploads\/sites\/2\/2023\/05\/espaco-familia-pet-no-bairro-santa-gertrudes_fm_-31-1-1280x854-1-768x512.jpg 768w, https:\/\/tvtecjundiai.com.br\/news\/wp-content\/uploads\/sites\/2\/2023\/05\/espaco-familia-pet-no-bairro-santa-gertrudes_fm_-31-1-1280x854-1.jpg 1280w\" sizes=\"auto, (max-width: 1200px) 100vw, 1200px\" \/><figcaption class=\"wp-element-caption\">Pra\u00e7a Fam\u00edlia &amp; Espa\u00e7o Pet conta com quadra, academia e parquinho para crian\u00e7as e pets<\/figcaption><\/figure>\n<\/div>\n\n\n<p><\/p>\n\n\n\n<p><strong><em>(Fonte\/Imagens: Prefeitura de Jundia\u00ed)<\/em><\/strong><\/p>\n","protected":false},"excerpt":{"rendered":"<p>Mesmo antes da entrega oficial, desde abril as crian\u00e7as, adultos e idosos j\u00e1 desfrutam do novo espa\u00e7o<\/p>\n","protected":false},"author":30,"featured_media":109011,"comment_status":"closed","ping_status":"0","sticky":false,"template":"","format":"standard","meta":{"footnotes":""},"categories":[8356,8354,1],"tags":[],"class_list":["post-109009","post","type-post","status-publish","format-standard","has-post-thumbnail","hentry","category-jundiai","category-lazer","category-noticias"],"_links":{"self":[{"href":"https:\/\/tvtecjundiai.com.br\/news\/wp-json\/wp\/v2\/posts\/109009","targetHints":{"allow":["GET"]}}],"collection":[{"href":"https:\/\/tvtecjundiai.com.br\/news\/wp-json\/wp\/v2\/posts"}],"about":[{"href":"https:\/\/tvtecjundiai.com.br\/news\/wp-json\/wp\/v2\/types\/post"}],"author":[{"embeddable":true,"href":"https:\/\/tvtecjundiai.com.br\/news\/wp-json\/wp\/v2\/users\/30"}],"replies":[{"embeddable":true,"href":"https:\/\/tvtecjundiai.com.br\/news\/wp-json\/wp\/v2\/comments?post=109009"}],"version-history":[{"count":1,"href":"https:\/\/tvtecjundiai.com.br\/news\/wp-json\/wp\/v2\/posts\/109009\/revisions"}],"predecessor-version":[{"id":109015,"href":"https:\/\/tvtecjundiai.com.br\/news\/wp-json\/wp\/v2\/posts\/109009\/revisions\/109015"}],"wp:featuredmedia":[{"embeddable":true,"href":"https:\/\/tvtecjundiai.com.br\/news\/wp-json\/wp\/v2\/media\/109011"}],"wp:attachment":[{"href":"https:\/\/tvtecjundiai.com.br\/news\/wp-json\/wp\/v2\/media?parent=109009"}],"wp:term":[{"taxonomy":"category","embeddable":true,"href":"https:\/\/tvtecjundiai.com.br\/news\/wp-json\/wp\/v2\/categories?post=109009"},{"taxonomy":"post_tag","embeddable":true,"href":"https:\/\/tvtecjundiai.com.br\/news\/wp-json\/wp\/v2\/tags?post=109009"}],"curies":[{"name":"wp","href":"https:\/\/api.w.org\/{rel}","templated":true}]}}