{"id":109017,"date":"2023-05-11T14:28:15","date_gmt":"2023-05-11T17:28:15","guid":{"rendered":"https:\/\/tvtecjundiai.com.br\/news\/?p=109017"},"modified":"2023-05-11T14:28:16","modified_gmt":"2023-05-11T17:28:16","slug":"peama-abre-inscricao-para-processo-de-entrevistas-para-ingresso-nas-modalidades","status":"publish","type":"post","link":"https:\/\/tvtecjundiai.com.br\/news\/2023\/05\/11\/peama-abre-inscricao-para-processo-de-entrevistas-para-ingresso-nas-modalidades\/","title":{"rendered":"PEAMA abre inscri\u00e7\u00e3o para processo de entrevistas para ingresso nas modalidades"},"content":{"rendered":"\n<p>O Programa de Esportes e Atividades Motoras Adaptadas (PEAMA), da Unidade de Gest\u00e3o de Esporte e Lazer (UGEL), recebe entre os dias 15 e 31 de maio as inscri\u00e7\u00f5es para o sorteio de vagas para entrevistas, visando ingresso nas modalidades oferecidas neste ano: ciclismo, atletismo, bocha, t\u00eanis de campo, corrida de rua, caminhada, atividades n\u00e1uticas, dan\u00e7a, capoeira, goaball, karat\u00ea, escola de bola, futsal, gin\u00e1stica r\u00edtmica, nata\u00e7\u00e3o e muscula\u00e7\u00e3o.<\/p>\n\n\n\n<p>Podem participar pessoas com defici\u00eancia f\u00edsica, intelectual, visual, auditiva, pessoas com Transtorno do Espectro Autista, transtorno mentais e m\u00faltiplos, que residam em Jundia\u00ed. A inscri\u00e7\u00e3o \u00e9 realizada exclusivamente no Portal da Prefeitura, no&nbsp;<a href=\"https:\/\/jundiai.sp.gov.br\/esportes\/inscricoes-peama\/\">link<\/a>.<\/p>\n\n\n\n<p>Ser\u00e3o ofertadas 50 vagas para entrevista, mediante sorteio eletr\u00f4nico marcado para o dia 1\u00ba de junho, \u00e0s 15h.<\/p>\n\n\n<div class=\"wp-block-image\">\n<figure class=\"aligncenter size-large is-resized\"><img loading=\"lazy\" decoding=\"async\" src=\"https:\/\/tvtecjundiai.com.br\/news\/wp-content\/uploads\/sites\/2\/2023\/05\/20-edicao-do-fera-festival-especial-regional-de-atletismo-no-bolao-equipe-do-peama_fm_-205-1-1280x936-1-1200x878.jpg\" alt=\"\" class=\"wp-image-109018\" width=\"724\" height=\"529\" srcset=\"https:\/\/tvtecjundiai.com.br\/news\/wp-content\/uploads\/sites\/2\/2023\/05\/20-edicao-do-fera-festival-especial-regional-de-atletismo-no-bolao-equipe-do-peama_fm_-205-1-1280x936-1-1200x878.jpg 1200w, https:\/\/tvtecjundiai.com.br\/news\/wp-content\/uploads\/sites\/2\/2023\/05\/20-edicao-do-fera-festival-especial-regional-de-atletismo-no-bolao-equipe-do-peama_fm_-205-1-1280x936-1-300x219.jpg 300w, https:\/\/tvtecjundiai.com.br\/news\/wp-content\/uploads\/sites\/2\/2023\/05\/20-edicao-do-fera-festival-especial-regional-de-atletismo-no-bolao-equipe-do-peama_fm_-205-1-1280x936-1-768x562.jpg 768w, https:\/\/tvtecjundiai.com.br\/news\/wp-content\/uploads\/sites\/2\/2023\/05\/20-edicao-do-fera-festival-especial-regional-de-atletismo-no-bolao-equipe-do-peama_fm_-205-1-1280x936-1.jpg 1280w\" sizes=\"auto, (max-width: 724px) 100vw, 724px\" \/><\/figure>\n<\/div>\n\n\n<p><\/p>\n\n\n\n<p>\u201cEsse \u00e9 o processo inicial de ingresso nas atividades. As modalidades ser\u00e3o oferecidas no ato da entrevista, de acordo com a disponibilidade de vagas\u201d, esclarece o diretor do Departamento de Esporte Adaptado (DEA), C\u00e9sar Munir de Almeida.<\/p>\n\n\n\n<p>A lista dos sorteados para entrevista ser\u00e1 publicada no dia 7 de junho, na Imprensa Oficial do Munic\u00edpio. Ap\u00f3s, os selecionados ser\u00e3o contatados para os agendamentos.<\/p>\n\n\n\n<p>O PEAMA foi idealizado e implantado em 1996, para democratizar o acesso \u00e0s atividades esportivas, e assim incluir pessoas com defici\u00eancia, utilizando o esporte como ferramenta. Atualmente, integram o programa 347 alunos de diversas idades.<\/p>\n\n\n\n<p>Mais informa\u00e7\u00f5es est\u00e3o no Edital 01 da UGEL, publicado na Imprensa Oficial da \u00faltima quarta-feira (10) \u2013\u00a0<a href=\"https:\/\/imprensaoficial.jundiai.sp.gov.br\/edicao-5267\/\">Edi\u00e7\u00e3o 5267<\/a>.<\/p>\n\n\n\n<p><strong><em>(Fonte\/Imagem: Prefeitura de Jundia\u00ed)<\/em><\/strong><\/p>\n","protected":false},"excerpt":{"rendered":"<p>Inscri\u00e7\u00f5es ser\u00e3o recebidas entre os dias 15 e 31 de maio <\/p>\n","protected":false},"author":30,"featured_media":109018,"comment_status":"closed","ping_status":"0","sticky":false,"template":"","format":"standard","meta":{"footnotes":""},"categories":[2827,8356,1],"tags":[],"class_list":["post-109017","post","type-post","status-publish","format-standard","has-post-thumbnail","hentry","category-esportes-e-lazer","category-jundiai","category-noticias"],"_links":{"self":[{"href":"https:\/\/tvtecjundiai.com.br\/news\/wp-json\/wp\/v2\/posts\/109017","targetHints":{"allow":["GET"]}}],"collection":[{"href":"https:\/\/tvtecjundiai.com.br\/news\/wp-json\/wp\/v2\/posts"}],"about":[{"href":"https:\/\/tvtecjundiai.com.br\/news\/wp-json\/wp\/v2\/types\/post"}],"author":[{"embeddable":true,"href":"https:\/\/tvtecjundiai.com.br\/news\/wp-json\/wp\/v2\/users\/30"}],"replies":[{"embeddable":true,"href":"https:\/\/tvtecjundiai.com.br\/news\/wp-json\/wp\/v2\/comments?post=109017"}],"version-history":[{"count":1,"href":"https:\/\/tvtecjundiai.com.br\/news\/wp-json\/wp\/v2\/posts\/109017\/revisions"}],"predecessor-version":[{"id":109019,"href":"https:\/\/tvtecjundiai.com.br\/news\/wp-json\/wp\/v2\/posts\/109017\/revisions\/109019"}],"wp:featuredmedia":[{"embeddable":true,"href":"https:\/\/tvtecjundiai.com.br\/news\/wp-json\/wp\/v2\/media\/109018"}],"wp:attachment":[{"href":"https:\/\/tvtecjundiai.com.br\/news\/wp-json\/wp\/v2\/media?parent=109017"}],"wp:term":[{"taxonomy":"category","embeddable":true,"href":"https:\/\/tvtecjundiai.com.br\/news\/wp-json\/wp\/v2\/categories?post=109017"},{"taxonomy":"post_tag","embeddable":true,"href":"https:\/\/tvtecjundiai.com.br\/news\/wp-json\/wp\/v2\/tags?post=109017"}],"curies":[{"name":"wp","href":"https:\/\/api.w.org\/{rel}","templated":true}]}}