{"id":109020,"date":"2023-05-11T14:53:26","date_gmt":"2023-05-11T17:53:26","guid":{"rendered":"https:\/\/tvtecjundiai.com.br\/news\/?p=109020"},"modified":"2023-05-11T14:53:27","modified_gmt":"2023-05-11T17:53:27","slug":"fundo-social-esta-com-vagas-disponiveis-para-curso-de-assistente-de-marketing-e-vendas-no-vetor-oeste","status":"publish","type":"post","link":"https:\/\/tvtecjundiai.com.br\/news\/2023\/05\/11\/fundo-social-esta-com-vagas-disponiveis-para-curso-de-assistente-de-marketing-e-vendas-no-vetor-oeste\/","title":{"rendered":"Fundo Social est\u00e1 com vagas dispon\u00edveis para curso de Assistente de Marketing e Vendas no Vetor Oeste"},"content":{"rendered":"\n<p>Os interessados em participar do curso de Assistente de Marketing e Vendas, oferecido pelo Fundo Social de Solidariedade de Jundia\u00ed (Funss), j\u00e1 podem garantir a participa\u00e7\u00e3o gratuita. A capacita\u00e7\u00e3o ser\u00e1 descentralizada, com aulas no Parque Residencial Almerinda Chaves. A pr\u00e9-inscri\u00e7\u00e3o \u00e9 presencial, diretamente no Centro Comunit\u00e1rio S\u00e3o Francisco de Assis, e pode ser feita de segunda a sexta-feira, das 8h \u00e0s 12h e das 13h \u00e0s 18h.<\/p>\n\n\n\n<p>Por ser uma parceria com o Senac Jundia\u00ed, o curso possui pr\u00e9-requisitos espec\u00edficos: Ensino Fundamental completo, a idade m\u00ednima de 16 anos e a renda per capita de dois sal\u00e1rios m\u00ednimos (R$ 2.604) por membro da fam\u00edlia, uma vez que o aluno ser\u00e1 integrante do programa de bolsa de estudo da institui\u00e7\u00e3o educacional. Tamb\u00e9m ser\u00e1 necess\u00e1rio apresentar o RG e CPF ou a CNH (documentos originais), comprovante de endere\u00e7o e, se menor de 18 anos, os documentos dos pais ou respons\u00e1vel legal. <\/p>\n\n\n<div class=\"wp-block-image\">\n<figure class=\"aligncenter size-large\"><img loading=\"lazy\" decoding=\"async\" width=\"1200\" height=\"763\" src=\"https:\/\/tvtecjundiai.com.br\/news\/wp-content\/uploads\/sites\/2\/2023\/05\/assistente-administrativo-1200x763.jpg\" alt=\"\" class=\"wp-image-109021\" srcset=\"https:\/\/tvtecjundiai.com.br\/news\/wp-content\/uploads\/sites\/2\/2023\/05\/assistente-administrativo-1200x763.jpg 1200w, https:\/\/tvtecjundiai.com.br\/news\/wp-content\/uploads\/sites\/2\/2023\/05\/assistente-administrativo-300x191.jpg 300w, https:\/\/tvtecjundiai.com.br\/news\/wp-content\/uploads\/sites\/2\/2023\/05\/assistente-administrativo-768x488.jpg 768w, https:\/\/tvtecjundiai.com.br\/news\/wp-content\/uploads\/sites\/2\/2023\/05\/assistente-administrativo.jpg 1280w\" sizes=\"auto, (max-width: 1200px) 100vw, 1200px\" \/><\/figure>\n<\/div>\n\n\n<p><\/p>\n\n\n\n<p><strong>Curso descentralizado de Assistente Marketing e Vendas<\/strong><\/p>\n\n\n\n<p>Parceiro: SENAC Jundia\u00ed<\/p>\n\n\n\n<p>Idade m\u00ednima: 16 anos<\/p>\n\n\n\n<p>In\u00edcio: 29 de maio de 2023<\/p>\n\n\n\n<p>Dura\u00e7\u00e3o: 3 meses<\/p>\n\n\n\n<p>Aulas de segunda \u00e0 sexta-feira<\/p>\n\n\n\n<p>Hor\u00e1rio: das 8h30 \u00e0s 12h<\/p>\n\n\n\n<p>Local das aulas e da pr\u00e9-inscri\u00e7\u00e3o presencial: Centro Comunit\u00e1rio S\u00e3o Francisco De Assis \u2013 Av. Pastor Francesco Ciaramella, n\u00ba 10 \u2013 Parque Res. Almerinda Chaves, Jundia\u00ed<\/p>\n\n\n\n<p><strong>Para saber sua renda per capita:<\/strong><strong><\/strong><\/p>\n\n\n\n<p>Some todos os sal\u00e1rios, considerando todas as pessoas que moram com voc\u00ea, sendo uma renda formal ou n\u00e3o;<\/p>\n\n\n\n<p>Divida o resultado pelo total de residentes (inclusive beb\u00eas, crian\u00e7as, idosos e pessoas sem renda);<\/p>\n\n\n\n<p>Esse resultado deve ser igual ou menor que R$ 2.604,00.<\/p>\n\n\n\n<p>Por ser um curso descentralizado, as aulas ocorrer\u00e3o no Centro Comunit\u00e1rio S\u00e3o Francisco De Assis \u2013 Av. Pastor Francesco Ciaramella, n\u00ba 10, no Parque Residencial Almerinda Chaves. Informa\u00e7\u00f5es pelo telefone (11) 94281-0580.<\/p>\n\n\n\n<p><em><strong>(Fonte\/Imagem: Prefeitura de Jundia\u00ed)<\/strong><\/em><\/p>\n","protected":false},"excerpt":{"rendered":"<p>A pr\u00e9-inscri\u00e7\u00e3o \u00e9 presencial, diretamente no Centro Comunit\u00e1rio S\u00e3o Francisco de Assis<\/p>\n","protected":false},"author":30,"featured_media":109021,"comment_status":"closed","ping_status":"0","sticky":false,"template":"","format":"standard","meta":{"footnotes":""},"categories":[8356,1],"tags":[],"class_list":["post-109020","post","type-post","status-publish","format-standard","has-post-thumbnail","hentry","category-jundiai","category-noticias"],"_links":{"self":[{"href":"https:\/\/tvtecjundiai.com.br\/news\/wp-json\/wp\/v2\/posts\/109020","targetHints":{"allow":["GET"]}}],"collection":[{"href":"https:\/\/tvtecjundiai.com.br\/news\/wp-json\/wp\/v2\/posts"}],"about":[{"href":"https:\/\/tvtecjundiai.com.br\/news\/wp-json\/wp\/v2\/types\/post"}],"author":[{"embeddable":true,"href":"https:\/\/tvtecjundiai.com.br\/news\/wp-json\/wp\/v2\/users\/30"}],"replies":[{"embeddable":true,"href":"https:\/\/tvtecjundiai.com.br\/news\/wp-json\/wp\/v2\/comments?post=109020"}],"version-history":[{"count":1,"href":"https:\/\/tvtecjundiai.com.br\/news\/wp-json\/wp\/v2\/posts\/109020\/revisions"}],"predecessor-version":[{"id":109022,"href":"https:\/\/tvtecjundiai.com.br\/news\/wp-json\/wp\/v2\/posts\/109020\/revisions\/109022"}],"wp:featuredmedia":[{"embeddable":true,"href":"https:\/\/tvtecjundiai.com.br\/news\/wp-json\/wp\/v2\/media\/109021"}],"wp:attachment":[{"href":"https:\/\/tvtecjundiai.com.br\/news\/wp-json\/wp\/v2\/media?parent=109020"}],"wp:term":[{"taxonomy":"category","embeddable":true,"href":"https:\/\/tvtecjundiai.com.br\/news\/wp-json\/wp\/v2\/categories?post=109020"},{"taxonomy":"post_tag","embeddable":true,"href":"https:\/\/tvtecjundiai.com.br\/news\/wp-json\/wp\/v2\/tags?post=109020"}],"curies":[{"name":"wp","href":"https:\/\/api.w.org\/{rel}","templated":true}]}}