{"id":109027,"date":"2023-05-11T15:18:07","date_gmt":"2023-05-11T18:18:07","guid":{"rendered":"https:\/\/tvtecjundiai.com.br\/news\/?p=109027"},"modified":"2023-05-11T15:18:10","modified_gmt":"2023-05-11T18:18:10","slug":"solidariedade-alunos-da-guarda-municipal-reforcam-banco-de-sangue-da-colsan","status":"publish","type":"post","link":"https:\/\/tvtecjundiai.com.br\/news\/2023\/05\/11\/solidariedade-alunos-da-guarda-municipal-reforcam-banco-de-sangue-da-colsan\/","title":{"rendered":"Solidariedade: alunos da guarda municipal refor\u00e7am banco de sangue da Colsan"},"content":{"rendered":"\n<p>Sensibilizados em refor\u00e7ar o estoque do banco de sangue da cidade, alunos da Guarda Municipal de Jundia\u00ed estiveram, nesta semana, na Associa\u00e7\u00e3o Beneficente de Coleta de Sangue (Colsan), reafirmando a solidariedade em doar sangue e estimulando a popula\u00e7\u00e3o a fazer o mesmo.<\/p>\n\n\n\n<p>\u201c\u00c9 uma atitude \u00edmpar da corpora\u00e7\u00e3o e principalmente dos alunos com esse sentimento de coopera\u00e7\u00e3o de estar cada vez mais pr\u00f3ximo da popula\u00e7\u00e3o\u201d, disse o subinspetor Osvaldo Zuim Junior, chefe da Coordenadoria de Instru\u00e7\u00e3o e Forma\u00e7\u00e3o da GMJ.<\/p>\n\n\n\n<p>Divididos em duas turmas, os 56 alunos que em breve ficar\u00e3o \u00e0 disposi\u00e7\u00e3o da popula\u00e7\u00e3o jundiaiense alegraram as funcion\u00e1rias e volunt\u00e1rias da Colsan com a atitude solid\u00e1ria. \u201cNosso estoque est\u00e1 cr\u00edtico. Foi de extrema import\u00e2ncia a atitude da GMJ em traz\u00ea-los para nos ajudar com o banco de sangue\u201d, disse a assistente administrativa da Colsan, Natasha dos Santos Alves.<\/p>\n\n\n<div class=\"wp-block-image\">\n<figure class=\"aligncenter size-large\"><img loading=\"lazy\" decoding=\"async\" width=\"1200\" height=\"800\" src=\"https:\/\/tvtecjundiai.com.br\/news\/wp-content\/uploads\/sites\/2\/2023\/05\/gm-doa-sangue1-1280x853-1-1200x800.jpg\" alt=\"\" class=\"wp-image-109029\" srcset=\"https:\/\/tvtecjundiai.com.br\/news\/wp-content\/uploads\/sites\/2\/2023\/05\/gm-doa-sangue1-1280x853-1-1200x800.jpg 1200w, https:\/\/tvtecjundiai.com.br\/news\/wp-content\/uploads\/sites\/2\/2023\/05\/gm-doa-sangue1-1280x853-1-300x200.jpg 300w, https:\/\/tvtecjundiai.com.br\/news\/wp-content\/uploads\/sites\/2\/2023\/05\/gm-doa-sangue1-1280x853-1-768x512.jpg 768w, https:\/\/tvtecjundiai.com.br\/news\/wp-content\/uploads\/sites\/2\/2023\/05\/gm-doa-sangue1-1280x853-1.jpg 1280w\" sizes=\"auto, (max-width: 1200px) 100vw, 1200px\" \/><figcaption class=\"wp-element-caption\">Doa\u00e7\u00e3o de sangue foi feita por alunos do curso de forma\u00e7\u00e3o para Guarda Municipal<\/figcaption><\/figure>\n<\/div>\n\n\n<p><\/p>\n\n\n\n<p>Representando a turma, o futuro GM Tiago Henrique Gonzaga da Silva, de 36 anos, se solidarizou com a causa e parabenizou a atitude da GMJ. \u00a0\u201cA causa \u00e9 nobre. Devemos sempre manifestar a nossa alegria, disposi\u00e7\u00e3o e solidariedade em podermos ajudar\u201d, disse.<\/p>\n\n\n\n<p>Prestes a se formarem guardas municipais, os alunos est\u00e3o na reta final com aulas pr\u00e1ticas de tiros, dire\u00e7\u00e3o defensiva, patrulhamento comunit\u00e1rio e Legisla\u00e7\u00e3o. A conclus\u00e3o do curso est\u00e1 prevista para o m\u00eas de julho.<\/p>\n\n\n\n<p>Com a chegada de 56 guardas, a GM passa a ter um efetivo de 440 guardas municipais, o maior da hist\u00f3ria.<\/p>\n\n\n\n<p>O banco de sangue da Colsan est\u00e1 localizado na Rua XV de Novembro, 1848 \u2013 Vila Municipal (estacionamento pela entrada na Avenida dos Ferrovi\u00e1rios).<\/p>\n\n\n<div class=\"wp-block-image\">\n<figure class=\"aligncenter size-large\"><img loading=\"lazy\" decoding=\"async\" width=\"1200\" height=\"800\" src=\"https:\/\/tvtecjundiai.com.br\/news\/wp-content\/uploads\/sites\/2\/2023\/05\/gm-doa-sangue2-1200x800.jpg\" alt=\"\" class=\"wp-image-109030\" srcset=\"https:\/\/tvtecjundiai.com.br\/news\/wp-content\/uploads\/sites\/2\/2023\/05\/gm-doa-sangue2-1200x800.jpg 1200w, https:\/\/tvtecjundiai.com.br\/news\/wp-content\/uploads\/sites\/2\/2023\/05\/gm-doa-sangue2-300x200.jpg 300w, https:\/\/tvtecjundiai.com.br\/news\/wp-content\/uploads\/sites\/2\/2023\/05\/gm-doa-sangue2-768x512.jpg 768w, https:\/\/tvtecjundiai.com.br\/news\/wp-content\/uploads\/sites\/2\/2023\/05\/gm-doa-sangue2.jpg 1280w\" sizes=\"auto, (max-width: 1200px) 100vw, 1200px\" \/><figcaption class=\"wp-element-caption\">Tiago Henrique Gonzaga da Silva ficou satisfeito em poder colaborar com o banco de sangue da cidade<\/figcaption><\/figure>\n<\/div>\n\n\n<p><\/p>\n\n\n\n<p><strong><em>(Fonte\/Imagens: Prefeitura de Jundia\u00ed)<\/em><\/strong><\/p>\n","protected":false},"excerpt":{"rendered":"<p>Os 56 alunos alegraram as funcion\u00e1rias e volunt\u00e1rias da Colsan com a atitude<\/p>\n","protected":false},"author":30,"featured_media":109029,"comment_status":"closed","ping_status":"0","sticky":false,"template":"","format":"standard","meta":{"footnotes":""},"categories":[8356,1],"tags":[],"class_list":["post-109027","post","type-post","status-publish","format-standard","has-post-thumbnail","hentry","category-jundiai","category-noticias"],"_links":{"self":[{"href":"https:\/\/tvtecjundiai.com.br\/news\/wp-json\/wp\/v2\/posts\/109027","targetHints":{"allow":["GET"]}}],"collection":[{"href":"https:\/\/tvtecjundiai.com.br\/news\/wp-json\/wp\/v2\/posts"}],"about":[{"href":"https:\/\/tvtecjundiai.com.br\/news\/wp-json\/wp\/v2\/types\/post"}],"author":[{"embeddable":true,"href":"https:\/\/tvtecjundiai.com.br\/news\/wp-json\/wp\/v2\/users\/30"}],"replies":[{"embeddable":true,"href":"https:\/\/tvtecjundiai.com.br\/news\/wp-json\/wp\/v2\/comments?post=109027"}],"version-history":[{"count":1,"href":"https:\/\/tvtecjundiai.com.br\/news\/wp-json\/wp\/v2\/posts\/109027\/revisions"}],"predecessor-version":[{"id":109031,"href":"https:\/\/tvtecjundiai.com.br\/news\/wp-json\/wp\/v2\/posts\/109027\/revisions\/109031"}],"wp:featuredmedia":[{"embeddable":true,"href":"https:\/\/tvtecjundiai.com.br\/news\/wp-json\/wp\/v2\/media\/109029"}],"wp:attachment":[{"href":"https:\/\/tvtecjundiai.com.br\/news\/wp-json\/wp\/v2\/media?parent=109027"}],"wp:term":[{"taxonomy":"category","embeddable":true,"href":"https:\/\/tvtecjundiai.com.br\/news\/wp-json\/wp\/v2\/categories?post=109027"},{"taxonomy":"post_tag","embeddable":true,"href":"https:\/\/tvtecjundiai.com.br\/news\/wp-json\/wp\/v2\/tags?post=109027"}],"curies":[{"name":"wp","href":"https:\/\/api.w.org\/{rel}","templated":true}]}}