{"id":109032,"date":"2023-05-11T15:22:44","date_gmt":"2023-05-11T18:22:44","guid":{"rendered":"https:\/\/tvtecjundiai.com.br\/news\/?p=109032"},"modified":"2023-05-11T15:22:47","modified_gmt":"2023-05-11T18:22:47","slug":"prefeitura-e-associacao-agricola-lancam-a-festa-da-uva-2024","status":"publish","type":"post","link":"https:\/\/tvtecjundiai.com.br\/news\/2023\/05\/11\/prefeitura-e-associacao-agricola-lancam-a-festa-da-uva-2024\/","title":{"rendered":"Prefeitura e Associa\u00e7\u00e3o Agr\u00edcola lan\u00e7am a Festa da Uva 2024"},"content":{"rendered":"\n<p>A Prefeitura e a Associa\u00e7\u00e3o Agr\u00edcola de Jundia\u00ed fizeram, nesta quarta-feira (10), no Espa\u00e7o Expressa, o lan\u00e7amento oficial da 39\u00aa Festa da Uva e 10\u00aa Expo Vinhos 2024. O encontro teve o objetivo de reunir empresas interessadas em patrocinar o evento, que ser\u00e1 realizado nos meses de janeiro e fevereiro do ano que vem. Assim como em 2023, a Festa ter\u00e1 a dura\u00e7\u00e3o de quatro finais de semana.<\/p>\n\n\n\n<p>\u201cA Festa da Uva \u00e9 o maior evento do Agroneg\u00f3cio de Jundia\u00ed. No ano passado, 242 mil pessoas participaram do evento. Por isso, a nossa expectativa \u00e9 realizar, em 2024, a maior Festa da hist\u00f3ria e com ainda mais atra\u00e7\u00f5es\u201d, comenta o gestor da Unidade de Agroneg\u00f3cio, Abastecimento e Turismo, Eduardo Alvarez.<\/p>\n\n\n\n<figure class=\"wp-block-image size-large\"><img loading=\"lazy\" decoding=\"async\" width=\"1200\" height=\"809\" src=\"https:\/\/tvtecjundiai.com.br\/news\/wp-content\/uploads\/sites\/2\/2023\/05\/lancamento-da-39-festa-da-uva-2024_fm_-15-1280x863-1-1200x809.jpg\" alt=\"\" class=\"wp-image-109033\" srcset=\"https:\/\/tvtecjundiai.com.br\/news\/wp-content\/uploads\/sites\/2\/2023\/05\/lancamento-da-39-festa-da-uva-2024_fm_-15-1280x863-1-1200x809.jpg 1200w, https:\/\/tvtecjundiai.com.br\/news\/wp-content\/uploads\/sites\/2\/2023\/05\/lancamento-da-39-festa-da-uva-2024_fm_-15-1280x863-1-300x202.jpg 300w, https:\/\/tvtecjundiai.com.br\/news\/wp-content\/uploads\/sites\/2\/2023\/05\/lancamento-da-39-festa-da-uva-2024_fm_-15-1280x863-1-768x518.jpg 768w, https:\/\/tvtecjundiai.com.br\/news\/wp-content\/uploads\/sites\/2\/2023\/05\/lancamento-da-39-festa-da-uva-2024_fm_-15-1280x863-1.jpg 1280w\" sizes=\"auto, (max-width: 1200px) 100vw, 1200px\" \/><\/figure>\n\n\n\n<p><\/p>\n\n\n\n<p>A Festa da Uva 2024 ser\u00e1 realizada nos dias 11, 12, 13, 14, 19, 20, 21, 26, 27, 28 de janeiro e 2, 3 e 4 de fevereiro de 2024, no Parque da Uva, com pra\u00e7a de alimenta\u00e7\u00e3o, exposi\u00e7\u00e3o de produtores da cidade, vinhos, artesanato, espa\u00e7o infantil, al\u00e9m de atra\u00e7\u00f5es culturais para toda a fam\u00edlia.<\/p>\n\n\n\n<p>Em 2023, a Festa gerou a venda de 128 toneladas de frutas em geral, sendo que 63 toneladas somente da Uva Niagara, de Jundia\u00ed. Al\u00e9m disso, foram doadas 2 toneladas de frutas e legumes expostos nos fins de semana da festa a Entidades Beneficentes de Jundia\u00ed atrav\u00e9s do Fundo Social de Solidariedade.<\/p>\n\n\n\n<p>\u201cA Festa da Uva, para n\u00f3s, \u00e9 de suma import\u00e2ncia porque o produtor pode divulgar os seus produtos para milhares de pessoas e de diversas partes do pa\u00eds. \u00c9 uma preserva\u00e7\u00e3o da tradi\u00e7\u00e3o e da produ\u00e7\u00e3o rural. Depois de 14 anos, n\u00f3s conseguimos a Indica\u00e7\u00e3o Geogr\u00e1fica da Uva Niagara de Jundiahy, o que refor\u00e7a a cidade como a Terra da Uva\u201d, aponta Ren\u00ea Jos\u00e9 Tomasetto, presidente da Associa\u00e7\u00e3o Agr\u00edcola de Jundia\u00ed.<\/p>\n\n\n\n<p>As empresas interessadas em patrocinar a Festa devem procurar a Associa\u00e7\u00e3o Agr\u00edcola de Jundia\u00ed, que fica na Av. Professor Gi\u00e1como Itria, 370, Anhangaba\u00fa. O telefone de contato \u00e9: (11) 4586-9639.<\/p>\n\n\n\n<figure class=\"wp-block-image size-large\"><img loading=\"lazy\" decoding=\"async\" width=\"1200\" height=\"801\" src=\"https:\/\/tvtecjundiai.com.br\/news\/wp-content\/uploads\/sites\/2\/2023\/05\/lancamento-da-39-festa-da-uva-2024_fm_-37-1280x854-1-1200x801.jpg\" alt=\"\" class=\"wp-image-109034\" srcset=\"https:\/\/tvtecjundiai.com.br\/news\/wp-content\/uploads\/sites\/2\/2023\/05\/lancamento-da-39-festa-da-uva-2024_fm_-37-1280x854-1-1200x801.jpg 1200w, https:\/\/tvtecjundiai.com.br\/news\/wp-content\/uploads\/sites\/2\/2023\/05\/lancamento-da-39-festa-da-uva-2024_fm_-37-1280x854-1-300x200.jpg 300w, https:\/\/tvtecjundiai.com.br\/news\/wp-content\/uploads\/sites\/2\/2023\/05\/lancamento-da-39-festa-da-uva-2024_fm_-37-1280x854-1-768x512.jpg 768w, https:\/\/tvtecjundiai.com.br\/news\/wp-content\/uploads\/sites\/2\/2023\/05\/lancamento-da-39-festa-da-uva-2024_fm_-37-1280x854-1.jpg 1280w\" sizes=\"auto, (max-width: 1200px) 100vw, 1200px\" \/><\/figure>\n\n\n\n<p><\/p>\n\n\n\n<p><strong><em>(Fonte\/Imagens: Prefeitura de Jundia\u00ed)<\/em><\/strong><\/p>\n","protected":false},"excerpt":{"rendered":"<p>Assim como em 2023, a Festa ter\u00e1 a dura\u00e7\u00e3o de quatro finais de semana<\/p>\n","protected":false},"author":30,"featured_media":109034,"comment_status":"closed","ping_status":"0","sticky":false,"template":"","format":"standard","meta":{"footnotes":""},"categories":[8356,1],"tags":[],"class_list":["post-109032","post","type-post","status-publish","format-standard","has-post-thumbnail","hentry","category-jundiai","category-noticias"],"_links":{"self":[{"href":"https:\/\/tvtecjundiai.com.br\/news\/wp-json\/wp\/v2\/posts\/109032","targetHints":{"allow":["GET"]}}],"collection":[{"href":"https:\/\/tvtecjundiai.com.br\/news\/wp-json\/wp\/v2\/posts"}],"about":[{"href":"https:\/\/tvtecjundiai.com.br\/news\/wp-json\/wp\/v2\/types\/post"}],"author":[{"embeddable":true,"href":"https:\/\/tvtecjundiai.com.br\/news\/wp-json\/wp\/v2\/users\/30"}],"replies":[{"embeddable":true,"href":"https:\/\/tvtecjundiai.com.br\/news\/wp-json\/wp\/v2\/comments?post=109032"}],"version-history":[{"count":1,"href":"https:\/\/tvtecjundiai.com.br\/news\/wp-json\/wp\/v2\/posts\/109032\/revisions"}],"predecessor-version":[{"id":109035,"href":"https:\/\/tvtecjundiai.com.br\/news\/wp-json\/wp\/v2\/posts\/109032\/revisions\/109035"}],"wp:featuredmedia":[{"embeddable":true,"href":"https:\/\/tvtecjundiai.com.br\/news\/wp-json\/wp\/v2\/media\/109034"}],"wp:attachment":[{"href":"https:\/\/tvtecjundiai.com.br\/news\/wp-json\/wp\/v2\/media?parent=109032"}],"wp:term":[{"taxonomy":"category","embeddable":true,"href":"https:\/\/tvtecjundiai.com.br\/news\/wp-json\/wp\/v2\/categories?post=109032"},{"taxonomy":"post_tag","embeddable":true,"href":"https:\/\/tvtecjundiai.com.br\/news\/wp-json\/wp\/v2\/tags?post=109032"}],"curies":[{"name":"wp","href":"https:\/\/api.w.org\/{rel}","templated":true}]}}