{"id":109036,"date":"2023-05-11T17:05:50","date_gmt":"2023-05-11T20:05:50","guid":{"rendered":"https:\/\/tvtecjundiai.com.br\/news\/?p=109036"},"modified":"2023-05-11T17:05:51","modified_gmt":"2023-05-11T20:05:51","slug":"sabado-tem-campanha-de-vacinacao-no-jundiai-empreendedora","status":"publish","type":"post","link":"https:\/\/tvtecjundiai.com.br\/news\/2023\/05\/11\/sabado-tem-campanha-de-vacinacao-no-jundiai-empreendedora\/","title":{"rendered":"S\u00e1bado tem campanha de vacina\u00e7\u00e3o no Jundia\u00ed Empreendedora"},"content":{"rendered":"\n<p>Jundia\u00ed prossegue neste s\u00e1bado (13) com a campanha de multivacina\u00e7\u00e3o no Espa\u00e7o Jundia\u00ed Empreendedora, localizado no Maxi Shopping (Piso G3). O atendimento ser\u00e1 das 11h \u00e0s 17h.<br><br>A vacina contra gripe ser\u00e1 disponibilizada para o p\u00fablico habilitado: pessoas a partir de 60 anos, crian\u00e7as de 6 meses a menores de 6 anos (5 anos, 11 meses e 29 dias), trabalhadores da sa\u00fade, gestantes, pu\u00e9rperas, profissionais da educa\u00e7\u00e3o, povos ind\u00edgenas, profissionais das for\u00e7as de seguran\u00e7a e salvamento, profissionais das for\u00e7as armadas, pessoas com defici\u00eancia permanente, caminhoneiros, trabalhadores de transporte coletivo rodovi\u00e1rio para passageiros urbano e de longo curso, trabalhadores portu\u00e1rios, funcion\u00e1rios do sistema prisional e pessoas portadoras de doen\u00e7as cr\u00f4nicas n\u00e3o transmiss\u00edveis e outras condi\u00e7\u00f5es cl\u00ednicas especiais.<\/p>\n\n\n<div class=\"wp-block-image\">\n<figure class=\"aligncenter size-large\"><img loading=\"lazy\" decoding=\"async\" width=\"1200\" height=\"801\" src=\"https:\/\/tvtecjundiai.com.br\/news\/wp-content\/uploads\/sites\/2\/2023\/05\/vacinacao_espaco_jundiai_empreendedora-1280x854-1-1200x801.jpg\" alt=\"\" class=\"wp-image-109037\" srcset=\"https:\/\/tvtecjundiai.com.br\/news\/wp-content\/uploads\/sites\/2\/2023\/05\/vacinacao_espaco_jundiai_empreendedora-1280x854-1-1200x801.jpg 1200w, https:\/\/tvtecjundiai.com.br\/news\/wp-content\/uploads\/sites\/2\/2023\/05\/vacinacao_espaco_jundiai_empreendedora-1280x854-1-300x200.jpg 300w, https:\/\/tvtecjundiai.com.br\/news\/wp-content\/uploads\/sites\/2\/2023\/05\/vacinacao_espaco_jundiai_empreendedora-1280x854-1-768x512.jpg 768w, https:\/\/tvtecjundiai.com.br\/news\/wp-content\/uploads\/sites\/2\/2023\/05\/vacinacao_espaco_jundiai_empreendedora-1280x854-1.jpg 1280w\" sizes=\"auto, (max-width: 1200px) 100vw, 1200px\" \/><figcaption class=\"wp-element-caption\">A popula\u00e7\u00e3o tamb\u00e9m poder\u00e1, das 11h \u00e0s 17h, atualizar a carteira de vacina\u00e7\u00e3o<\/figcaption><\/figure>\n<\/div>\n\n\n<p>\u00c9 necess\u00e1rio apresentar documento pessoal de identifica\u00e7\u00e3o e documento que comprove a condi\u00e7\u00e3o (registro profissional e prescri\u00e7\u00e3o m\u00e9dica com CID).<\/p>\n\n\n\n<p>J\u00e1 contra a Covid-19, ser\u00e3o aplicadas as vacinas monovalentes para pessoas com 12 anos ou mais; a Pfizer Baby para crian\u00e7as com 6 meses a 4 anos (D1, D2 e D3); a Pfizer Pedi\u00e1trica para crian\u00e7as de 5 a 11 anos (D1, D2 e refor\u00e7o); e a Pfizer bivalente para o p\u00fablico a partir de 18 anos e que tenha recebido, no m\u00ednimo, duas doses da monovalente, sendo a \u00faltima dose h\u00e1, pelo menos, quatro meses.<\/p>\n\n\n\n<p>Tamb\u00e9m no s\u00e1bado, crian\u00e7as, jovens e adultos poder\u00e3o atualizar a carteira de vacina\u00e7\u00e3o com as doses previstas no Calend\u00e1rio Nacional de Imuniza\u00e7\u00e3o do Minist\u00e9rio da Sa\u00fade.<\/p>\n\n\n\n<p><strong><em>(Fonte\/Imagem: Prefeitura de Jundia\u00ed)<\/em><\/strong><\/p>\n","protected":false},"excerpt":{"rendered":"<p>A popula\u00e7\u00e3o tamb\u00e9m poder\u00e1, das 11h \u00e0s 17h, atualizar a carteira de vacina\u00e7\u00e3o<\/p>\n","protected":false},"author":30,"featured_media":109037,"comment_status":"closed","ping_status":"0","sticky":false,"template":"","format":"standard","meta":{"footnotes":""},"categories":[8356,1,2839,8355],"tags":[],"class_list":["post-109036","post","type-post","status-publish","format-standard","has-post-thumbnail","hentry","category-jundiai","category-noticias","category-saude","category-saude-3"],"_links":{"self":[{"href":"https:\/\/tvtecjundiai.com.br\/news\/wp-json\/wp\/v2\/posts\/109036","targetHints":{"allow":["GET"]}}],"collection":[{"href":"https:\/\/tvtecjundiai.com.br\/news\/wp-json\/wp\/v2\/posts"}],"about":[{"href":"https:\/\/tvtecjundiai.com.br\/news\/wp-json\/wp\/v2\/types\/post"}],"author":[{"embeddable":true,"href":"https:\/\/tvtecjundiai.com.br\/news\/wp-json\/wp\/v2\/users\/30"}],"replies":[{"embeddable":true,"href":"https:\/\/tvtecjundiai.com.br\/news\/wp-json\/wp\/v2\/comments?post=109036"}],"version-history":[{"count":1,"href":"https:\/\/tvtecjundiai.com.br\/news\/wp-json\/wp\/v2\/posts\/109036\/revisions"}],"predecessor-version":[{"id":109038,"href":"https:\/\/tvtecjundiai.com.br\/news\/wp-json\/wp\/v2\/posts\/109036\/revisions\/109038"}],"wp:featuredmedia":[{"embeddable":true,"href":"https:\/\/tvtecjundiai.com.br\/news\/wp-json\/wp\/v2\/media\/109037"}],"wp:attachment":[{"href":"https:\/\/tvtecjundiai.com.br\/news\/wp-json\/wp\/v2\/media?parent=109036"}],"wp:term":[{"taxonomy":"category","embeddable":true,"href":"https:\/\/tvtecjundiai.com.br\/news\/wp-json\/wp\/v2\/categories?post=109036"},{"taxonomy":"post_tag","embeddable":true,"href":"https:\/\/tvtecjundiai.com.br\/news\/wp-json\/wp\/v2\/tags?post=109036"}],"curies":[{"name":"wp","href":"https:\/\/api.w.org\/{rel}","templated":true}]}}