{"id":109045,"date":"2023-05-12T09:55:32","date_gmt":"2023-05-12T12:55:32","guid":{"rendered":"https:\/\/tvtecjundiai.com.br\/news\/?p=109045"},"modified":"2023-05-12T09:55:33","modified_gmt":"2023-05-12T12:55:33","slug":"jundiai-participa-do-congresso-estadual-de-municipios-em-ribeirao-preto","status":"publish","type":"post","link":"https:\/\/tvtecjundiai.com.br\/news\/2023\/05\/12\/jundiai-participa-do-congresso-estadual-de-municipios-em-ribeirao-preto\/","title":{"rendered":"Jundia\u00ed participa do Congresso Estadual de Munic\u00edpios em Ribeir\u00e3o Preto"},"content":{"rendered":"\n<p>A nova Lei de Licita\u00e7\u00f5es e o programa Cidades Inteligentes foram temas da participa\u00e7\u00e3o de Jundia\u00ed no 65\u00ba Congresso Estadual de Munic\u00edpios, realizado em Ribeir\u00e3o Preto, em parceria com o Sebrae-SP. Jundia\u00ed foi representada no dia 10 de maio pela Gestora da Unidade de Administra\u00e7\u00e3o e Gest\u00e3o de Pessoas (UGAGP), Simone Zanotello de Oliveira, e no dia 11, pelo Gestor Adjunto de Governo, Jones Martins.<\/p>\n\n\n\n<p>\u201cJundia\u00ed \u00e9 uma das primeiras cidades paulistas a implementar a nova legisla\u00e7\u00e3o. Isso \u00e9 resultado de trabalho e dedica\u00e7\u00e3o de toda a gest\u00e3o, por isso apresentamos o case da cidade no Congresso\u201d, comenta a gestora.<\/p>\n\n\n\n<p>A Prefeitura iniciou o uso da nova Lei de Licita\u00e7\u00f5es (Lei 14.133\/2021) em mar\u00e7o, mesmo com a prorroga\u00e7\u00e3o do uso da lei. A nova legisla\u00e7\u00e3o, que altera os procedimentos para a realiza\u00e7\u00e3o de compras, servi\u00e7os e obras, abrange tamb\u00e9m as autarquias e funda\u00e7\u00f5es municipais, o que exigiu forma\u00e7\u00f5es espec\u00edficas para os servidores, bem como altera\u00e7\u00f5es em sistemas de informa\u00e7\u00e3o do Munic\u00edpio.<\/p>\n\n\n\n<p>Na palestra, tamb\u00e9m foi apresentado o sistema de compras da cidade, o Compra Aberta. \u201cJundia\u00ed se destaca com investimentos em tecnologia e um sistema informatizado que nos permite desburocratizar os servi\u00e7os e ser mais eficiente e transparente no atendimento ao cidad\u00e3o\u201d, refor\u00e7a a gestora.<\/p>\n\n\n<div class=\"wp-block-image\">\n<figure class=\"aligncenter size-large\"><img loading=\"lazy\" decoding=\"async\" width=\"1200\" height=\"900\" src=\"https:\/\/tvtecjundiai.com.br\/news\/wp-content\/uploads\/sites\/2\/2023\/05\/whatsapp-image-2023-05-10-at-15-09-12-1200x900.jpeg\" alt=\"\" class=\"wp-image-109046\" srcset=\"https:\/\/tvtecjundiai.com.br\/news\/wp-content\/uploads\/sites\/2\/2023\/05\/whatsapp-image-2023-05-10-at-15-09-12-1200x900.jpeg 1200w, https:\/\/tvtecjundiai.com.br\/news\/wp-content\/uploads\/sites\/2\/2023\/05\/whatsapp-image-2023-05-10-at-15-09-12-300x225.jpeg 300w, https:\/\/tvtecjundiai.com.br\/news\/wp-content\/uploads\/sites\/2\/2023\/05\/whatsapp-image-2023-05-10-at-15-09-12-768x576.jpeg 768w, https:\/\/tvtecjundiai.com.br\/news\/wp-content\/uploads\/sites\/2\/2023\/05\/whatsapp-image-2023-05-10-at-15-09-12.jpeg 1280w\" sizes=\"auto, (max-width: 1200px) 100vw, 1200px\" \/><figcaption class=\"wp-element-caption\">Simone falou sobre a Nova Lei de Licita\u00e7\u00f5es no Congresso<\/figcaption><\/figure>\n<\/div>\n\n\n<p><\/p>\n\n\n\n<p><strong>Cidades Inteligentes<br><\/strong>O Gestor Adjunto de Governo, Jones Martins, tamb\u00e9m compareceu ao Congresso Estadual de Munic\u00edpios. Nesta quinta-feira (11), ele foi um dos destaques do painel com tema \u201cCidades Inteligentes: Moderniza\u00e7\u00e3o Administrativa e Transforma\u00e7\u00e3o Digital das Cidades\u201d.<\/p>\n\n\n\n<p>Jones esteve ao lado de atores conhecidos do cen\u00e1rio p\u00fablico e privado. Destaque para a Secret\u00e1ria Municipal de Gest\u00e3o da cidade de S\u00e3o Paulo, Marcela Arruda; Secret\u00e1rio Municipal das Subprefeituras da cidade de S\u00e3o Paulo, Alexandre Modonezi; e o Prefeito de Ribeir\u00e3o Preto, Duarte Nogueira.<\/p>\n\n\n\n<p>\u201cFomos convidados para compartilhar nossas experi\u00eancias em gest\u00e3o p\u00fablica direcionadas a Cidades Inteligentes e transforma\u00e7\u00e3o digital em nosso Munic\u00edpio. Jundia\u00ed \u00e9 uma das Cidades mais Inteligentes do pa\u00eds e com a coordena\u00e7\u00e3o do prefeito Luiz Fernando Machado tem se destacado em todo o territ\u00f3rio. Hoje falamos sobre nosso sistema de governan\u00e7a, do foco nas entregas e tamb\u00e9m do Observat\u00f3rio Jundia\u00ed e seus mais de 380 indicadores, que trazem mais transpar\u00eancia para as a\u00e7\u00f5es municipais\u201d, comenta Jones.<\/p>\n\n\n<div class=\"wp-block-image\">\n<figure class=\"aligncenter size-large\"><img loading=\"lazy\" decoding=\"async\" width=\"1200\" height=\"900\" src=\"https:\/\/tvtecjundiai.com.br\/news\/wp-content\/uploads\/sites\/2\/2023\/05\/whatsapp-image-2023-05-11-at-17-29-08-1280x960-1-1200x900.jpeg\" alt=\"\" class=\"wp-image-109047\" srcset=\"https:\/\/tvtecjundiai.com.br\/news\/wp-content\/uploads\/sites\/2\/2023\/05\/whatsapp-image-2023-05-11-at-17-29-08-1280x960-1-1200x900.jpeg 1200w, https:\/\/tvtecjundiai.com.br\/news\/wp-content\/uploads\/sites\/2\/2023\/05\/whatsapp-image-2023-05-11-at-17-29-08-1280x960-1-300x225.jpeg 300w, https:\/\/tvtecjundiai.com.br\/news\/wp-content\/uploads\/sites\/2\/2023\/05\/whatsapp-image-2023-05-11-at-17-29-08-1280x960-1-768x576.jpeg 768w, https:\/\/tvtecjundiai.com.br\/news\/wp-content\/uploads\/sites\/2\/2023\/05\/whatsapp-image-2023-05-11-at-17-29-08-1280x960-1.jpeg 1280w\" sizes=\"auto, (max-width: 1200px) 100vw, 1200px\" \/><figcaption class=\"wp-element-caption\">Jones Martins abordou temas como o programa Cidades Inteligentes e demais projetos do Governo<\/figcaption><\/figure>\n<\/div>\n\n\n<p><\/p>\n\n\n\n<p><em><strong>(Fonte\/Imagens: Prefeitura de Jundia\u00ed)<\/strong><\/em><\/p>\n","protected":false},"excerpt":{"rendered":"<p>A participa\u00e7\u00e3o da cidade tratou temas como a Lei de Licita\u00e7\u00f5es e o programa Cidades Inteligentes<\/p>\n","protected":false},"author":30,"featured_media":109047,"comment_status":"closed","ping_status":"0","sticky":false,"template":"","format":"standard","meta":{"footnotes":""},"categories":[8357,8356,1],"tags":[],"class_list":["post-109045","post","type-post","status-publish","format-standard","has-post-thumbnail","hentry","category-gestao","category-jundiai","category-noticias"],"_links":{"self":[{"href":"https:\/\/tvtecjundiai.com.br\/news\/wp-json\/wp\/v2\/posts\/109045","targetHints":{"allow":["GET"]}}],"collection":[{"href":"https:\/\/tvtecjundiai.com.br\/news\/wp-json\/wp\/v2\/posts"}],"about":[{"href":"https:\/\/tvtecjundiai.com.br\/news\/wp-json\/wp\/v2\/types\/post"}],"author":[{"embeddable":true,"href":"https:\/\/tvtecjundiai.com.br\/news\/wp-json\/wp\/v2\/users\/30"}],"replies":[{"embeddable":true,"href":"https:\/\/tvtecjundiai.com.br\/news\/wp-json\/wp\/v2\/comments?post=109045"}],"version-history":[{"count":1,"href":"https:\/\/tvtecjundiai.com.br\/news\/wp-json\/wp\/v2\/posts\/109045\/revisions"}],"predecessor-version":[{"id":109048,"href":"https:\/\/tvtecjundiai.com.br\/news\/wp-json\/wp\/v2\/posts\/109045\/revisions\/109048"}],"wp:featuredmedia":[{"embeddable":true,"href":"https:\/\/tvtecjundiai.com.br\/news\/wp-json\/wp\/v2\/media\/109047"}],"wp:attachment":[{"href":"https:\/\/tvtecjundiai.com.br\/news\/wp-json\/wp\/v2\/media?parent=109045"}],"wp:term":[{"taxonomy":"category","embeddable":true,"href":"https:\/\/tvtecjundiai.com.br\/news\/wp-json\/wp\/v2\/categories?post=109045"},{"taxonomy":"post_tag","embeddable":true,"href":"https:\/\/tvtecjundiai.com.br\/news\/wp-json\/wp\/v2\/tags?post=109045"}],"curies":[{"name":"wp","href":"https:\/\/api.w.org\/{rel}","templated":true}]}}