{"id":109049,"date":"2023-05-12T10:30:36","date_gmt":"2023-05-12T13:30:36","guid":{"rendered":"https:\/\/tvtecjundiai.com.br\/news\/?p=109049"},"modified":"2023-05-12T10:30:38","modified_gmt":"2023-05-12T13:30:38","slug":"fim-de-semana-sera-frio-em-jundiai-com-minima-de-10c-no-dia-das-maes","status":"publish","type":"post","link":"https:\/\/tvtecjundiai.com.br\/news\/2023\/05\/12\/fim-de-semana-sera-frio-em-jundiai-com-minima-de-10c-no-dia-das-maes\/","title":{"rendered":"Fim de semana ser\u00e1 frio em Jundia\u00ed, com m\u00ednima de 10\u00b0C no Dia das M\u00e3es"},"content":{"rendered":"\n<p>O fim de semana ser\u00e1 de baixas temperaturas em Jundia\u00ed, sem previs\u00e3o de pancadas de chuva. Segundo o Climatempo, os term\u00f4metros devem ficar entre 10\u00b0C e 23\u00b0C apenas.<\/p>\n\n\n\n<p>Nesta sexta-feira (12), a previs\u00e3o \u00e9 de sol com algumas nuvens, sem chuva. Os term\u00f4metros ficam entre 13\u00b0C e 23\u00b0C.<\/p>\n\n\n\n<p>No s\u00e1bado (13), a temperatura cai um pouco e fica entre 11\u00b0C e 22\u00b0C, com sol e algumas nuvens e sem previs\u00e3o de chuva.<\/p>\n\n\n\n<p>No domingo (14), Dia das M\u00e3es, o cen\u00e1rio continua o mesmo: sol com algumas nuvens e sem pancadas de chuva. Os term\u00f4metros devem marcar entre 10\u00b0C e 23\u00b0C, atingindo a m\u00ednima prevista para o fim de semana.<\/p>\n\n\n<div class=\"wp-block-image\">\n<figure class=\"aligncenter size-large is-resized\"><img loading=\"lazy\" decoding=\"async\" src=\"https:\/\/tvtecjundiai.com.br\/news\/wp-content\/uploads\/sites\/2\/2023\/05\/WhatsApp-Image-2023-05-12-at-10.27.15-1200x900.jpeg\" alt=\"\" class=\"wp-image-109050\" width=\"670\" height=\"503\" srcset=\"https:\/\/tvtecjundiai.com.br\/news\/wp-content\/uploads\/sites\/2\/2023\/05\/WhatsApp-Image-2023-05-12-at-10.27.15-1200x900.jpeg 1200w, https:\/\/tvtecjundiai.com.br\/news\/wp-content\/uploads\/sites\/2\/2023\/05\/WhatsApp-Image-2023-05-12-at-10.27.15-300x225.jpeg 300w, https:\/\/tvtecjundiai.com.br\/news\/wp-content\/uploads\/sites\/2\/2023\/05\/WhatsApp-Image-2023-05-12-at-10.27.15-768x576.jpeg 768w, https:\/\/tvtecjundiai.com.br\/news\/wp-content\/uploads\/sites\/2\/2023\/05\/WhatsApp-Image-2023-05-12-at-10.27.15.jpeg 1280w\" sizes=\"auto, (max-width: 670px) 100vw, 670px\" \/><\/figure>\n<\/div>\n\n\n<p><\/p>\n\n\n\n<p><strong><em>(Fonte: TVTEC Jundia\u00ed\/Imagem: Juliano Justino)<\/em><\/strong><\/p>\n","protected":false},"excerpt":{"rendered":"<p>Segundo o Climatempo, os dias ser\u00e3o de sol e sem pancadas de chuva<\/p>\n","protected":false},"author":30,"featured_media":109050,"comment_status":"closed","ping_status":"0","sticky":false,"template":"","format":"standard","meta":{"footnotes":""},"categories":[3185,8356,1],"tags":[],"class_list":["post-109049","post","type-post","status-publish","format-standard","has-post-thumbnail","hentry","category-clima","category-jundiai","category-noticias"],"_links":{"self":[{"href":"https:\/\/tvtecjundiai.com.br\/news\/wp-json\/wp\/v2\/posts\/109049","targetHints":{"allow":["GET"]}}],"collection":[{"href":"https:\/\/tvtecjundiai.com.br\/news\/wp-json\/wp\/v2\/posts"}],"about":[{"href":"https:\/\/tvtecjundiai.com.br\/news\/wp-json\/wp\/v2\/types\/post"}],"author":[{"embeddable":true,"href":"https:\/\/tvtecjundiai.com.br\/news\/wp-json\/wp\/v2\/users\/30"}],"replies":[{"embeddable":true,"href":"https:\/\/tvtecjundiai.com.br\/news\/wp-json\/wp\/v2\/comments?post=109049"}],"version-history":[{"count":1,"href":"https:\/\/tvtecjundiai.com.br\/news\/wp-json\/wp\/v2\/posts\/109049\/revisions"}],"predecessor-version":[{"id":109051,"href":"https:\/\/tvtecjundiai.com.br\/news\/wp-json\/wp\/v2\/posts\/109049\/revisions\/109051"}],"wp:featuredmedia":[{"embeddable":true,"href":"https:\/\/tvtecjundiai.com.br\/news\/wp-json\/wp\/v2\/media\/109050"}],"wp:attachment":[{"href":"https:\/\/tvtecjundiai.com.br\/news\/wp-json\/wp\/v2\/media?parent=109049"}],"wp:term":[{"taxonomy":"category","embeddable":true,"href":"https:\/\/tvtecjundiai.com.br\/news\/wp-json\/wp\/v2\/categories?post=109049"},{"taxonomy":"post_tag","embeddable":true,"href":"https:\/\/tvtecjundiai.com.br\/news\/wp-json\/wp\/v2\/tags?post=109049"}],"curies":[{"name":"wp","href":"https:\/\/api.w.org\/{rel}","templated":true}]}}