{"id":109052,"date":"2023-05-12T11:48:15","date_gmt":"2023-05-12T14:48:15","guid":{"rendered":"https:\/\/tvtecjundiai.com.br\/news\/?p=109052"},"modified":"2023-05-12T11:48:16","modified_gmt":"2023-05-12T14:48:16","slug":"58a-festa-da-varginha-da-paroquia-santa-rosa-de-lima-termina-neste-fim-de-semana","status":"publish","type":"post","link":"https:\/\/tvtecjundiai.com.br\/news\/2023\/05\/12\/58a-festa-da-varginha-da-paroquia-santa-rosa-de-lima-termina-neste-fim-de-semana\/","title":{"rendered":"58\u00aa Festa da Varginha da Par\u00f3quia Santa Rosa de Lima termina neste fim de semana"},"content":{"rendered":"\n<p>A 58\u00aa edi\u00e7\u00e3o da tradicional Festa da Varginha da Par\u00f3quia Santa Rosa de Lima termina neste fim de semana. No s\u00e1bado (13), ser\u00e1 realizada das 19h \u00e0s 23h, e no domingo (14), ser\u00e1 servido almo\u00e7o das 11h \u00e0s 16h. Por ser Dia das M\u00e3es, as primeiras 300 m\u00e3es que chegarem ao local receber\u00e3o uma lembran\u00e7a na entrada.<\/p>\n\n\n\n<p>No card\u00e1pio, os visitantes encontrar\u00e3o o tradicional torresmo de rolo, frango frito, nhoque, churrasco na chapa, risoto, polenta frita, batata frita, lingui\u00e7a, past\u00e9is de diversos sabores, bebidas, doces e sorvetes.<\/p>\n\n\n\n<p>A 58\u00aa Festa da Varginha est\u00e1 sendo realizada na Comunidade Santa Cruz, localizada na avenida At\u00edlio Gobbo, 3.269, Varginha. O evento tem entrada e estacionamento gratuitos.<\/p>\n\n\n<div class=\"wp-block-image\">\n<figure class=\"aligncenter size-full\"><img loading=\"lazy\" decoding=\"async\" width=\"632\" height=\"438\" src=\"https:\/\/tvtecjundiai.com.br\/news\/wp-content\/uploads\/sites\/2\/2023\/05\/frango-frito-festa-jundiai.jpg\" alt=\"\" class=\"wp-image-109062\" srcset=\"https:\/\/tvtecjundiai.com.br\/news\/wp-content\/uploads\/sites\/2\/2023\/05\/frango-frito-festa-jundiai.jpg 632w, https:\/\/tvtecjundiai.com.br\/news\/wp-content\/uploads\/sites\/2\/2023\/05\/frango-frito-festa-jundiai-300x208.jpg 300w\" sizes=\"auto, (max-width: 632px) 100vw, 632px\" \/><\/figure>\n<\/div>\n\n\n<p><\/p>\n\n\n\n<p><em><strong>(Fonte: TVTEC Jundia\u00ed\/Imagem: Canva)<\/strong><\/em><\/p>\n","protected":false},"excerpt":{"rendered":"<p>No domingo (14), as primeiras 300 m\u00e3es que chegarem ao local receber\u00e3o uma lembran\u00e7a na entrada<\/p>\n","protected":false},"author":30,"featured_media":109062,"comment_status":"closed","ping_status":"0","sticky":false,"template":"","format":"standard","meta":{"footnotes":""},"categories":[6309,8356,8354,1],"tags":[],"class_list":["post-109052","post","type-post","status-publish","format-standard","has-post-thumbnail","hentry","category-gastronomia","category-jundiai","category-lazer","category-noticias"],"_links":{"self":[{"href":"https:\/\/tvtecjundiai.com.br\/news\/wp-json\/wp\/v2\/posts\/109052","targetHints":{"allow":["GET"]}}],"collection":[{"href":"https:\/\/tvtecjundiai.com.br\/news\/wp-json\/wp\/v2\/posts"}],"about":[{"href":"https:\/\/tvtecjundiai.com.br\/news\/wp-json\/wp\/v2\/types\/post"}],"author":[{"embeddable":true,"href":"https:\/\/tvtecjundiai.com.br\/news\/wp-json\/wp\/v2\/users\/30"}],"replies":[{"embeddable":true,"href":"https:\/\/tvtecjundiai.com.br\/news\/wp-json\/wp\/v2\/comments?post=109052"}],"version-history":[{"count":1,"href":"https:\/\/tvtecjundiai.com.br\/news\/wp-json\/wp\/v2\/posts\/109052\/revisions"}],"predecessor-version":[{"id":109063,"href":"https:\/\/tvtecjundiai.com.br\/news\/wp-json\/wp\/v2\/posts\/109052\/revisions\/109063"}],"wp:featuredmedia":[{"embeddable":true,"href":"https:\/\/tvtecjundiai.com.br\/news\/wp-json\/wp\/v2\/media\/109062"}],"wp:attachment":[{"href":"https:\/\/tvtecjundiai.com.br\/news\/wp-json\/wp\/v2\/media?parent=109052"}],"wp:term":[{"taxonomy":"category","embeddable":true,"href":"https:\/\/tvtecjundiai.com.br\/news\/wp-json\/wp\/v2\/categories?post=109052"},{"taxonomy":"post_tag","embeddable":true,"href":"https:\/\/tvtecjundiai.com.br\/news\/wp-json\/wp\/v2\/tags?post=109052"}],"curies":[{"name":"wp","href":"https:\/\/api.w.org\/{rel}","templated":true}]}}