{"id":109053,"date":"2023-05-12T11:12:57","date_gmt":"2023-05-12T14:12:57","guid":{"rendered":"https:\/\/tvtecjundiai.com.br\/news\/?p=109053"},"modified":"2023-05-12T11:12:57","modified_gmt":"2023-05-12T14:12:57","slug":"jundiai-sediara-1a-edicao-do-forum-regional-de-direitos-humanos","status":"publish","type":"post","link":"https:\/\/tvtecjundiai.com.br\/news\/2023\/05\/12\/jundiai-sediara-1a-edicao-do-forum-regional-de-direitos-humanos\/","title":{"rendered":"Jundia\u00ed sediar\u00e1 1\u00aa Edi\u00e7\u00e3o do F\u00f3rum Regional de Direitos Humanos"},"content":{"rendered":"\n<p>O 1\u00ba F\u00f3rum Regional de Direitos Humanos acontecer\u00e1 em Jundia\u00ed. A proposta da atividade foi apresentada e fechada nesta quinta-feira (11), em reuni\u00e3o na Sala de Situa\u00e7\u00e3o do Pa\u00e7o Municipal, e ser\u00e1 no segundo semestre. A iniciativa \u00e9 da Assessoria de Pol\u00edticas de Direitos Humanos, que est\u00e1 vinculada \u00e0 Unidade de Gest\u00e3o da Casa Civil (UGCC), em parceria com a Coordenadoria Geral de Direitos Humanos, ligada ao Governo Estadual.<\/p>\n\n\n\n<p>O encontro contou com a presen\u00e7a dos gestores Dr. Gustavo Maryssael (Casa Civil) e Fernando Souza (Neg\u00f3cios Jur\u00eddicos e Cidadania), da Coordenadora Geral de Direitos Humanos, Maisa Costa, do Coordenador da Igualdade Racial, Robson Ferreira, e do Coordenador da Juventude, Juliano Borges, os assessores que comp\u00f5em o N\u00facleo de Articula\u00e7\u00e3o de Pol\u00edticas P\u00fablicas (NAPP), al\u00e9m do Prefeito de Louveira, Estanislau Steck, e representantes de Jarinu, Itatiba, Cabre\u00fava, Itupeva e V\u00e1rzea Paulista.<\/p>\n\n\n\n<p>O objetivo do F\u00f3rum \u00e9 o fomento dos direitos humanos e da dignidade das pessoas levando em conta sua integralidade e papel transformador da sociedade e o desenvolvimento de pol\u00edticas p\u00fablicas na \u00e1rea, que abranjam toda a Regi\u00e3o Metropolitana de Jundia\u00ed (RMJ).<\/p>\n\n\n<div class=\"wp-block-image\">\n<figure class=\"aligncenter size-large is-resized\"><img loading=\"lazy\" decoding=\"async\" src=\"https:\/\/tvtecjundiai.com.br\/news\/wp-content\/uploads\/sites\/2\/2023\/05\/forum-regional-de-direitos-humanos_fm_-8-1280x854-2-1200x801.jpg\" alt=\"\" class=\"wp-image-109055\" width=\"798\" height=\"532\" srcset=\"https:\/\/tvtecjundiai.com.br\/news\/wp-content\/uploads\/sites\/2\/2023\/05\/forum-regional-de-direitos-humanos_fm_-8-1280x854-2-1200x801.jpg 1200w, https:\/\/tvtecjundiai.com.br\/news\/wp-content\/uploads\/sites\/2\/2023\/05\/forum-regional-de-direitos-humanos_fm_-8-1280x854-2-300x200.jpg 300w, https:\/\/tvtecjundiai.com.br\/news\/wp-content\/uploads\/sites\/2\/2023\/05\/forum-regional-de-direitos-humanos_fm_-8-1280x854-2-768x512.jpg 768w, https:\/\/tvtecjundiai.com.br\/news\/wp-content\/uploads\/sites\/2\/2023\/05\/forum-regional-de-direitos-humanos_fm_-8-1280x854-2.jpg 1280w\" sizes=\"auto, (max-width: 798px) 100vw, 798px\" \/><figcaption class=\"wp-element-caption\">Objetivo do F\u00f3rum \u00e9 o fomento dos direitos humanos e da dignidade das pessoas<\/figcaption><\/figure>\n<\/div>\n\n\n<p>\u201cA constru\u00e7\u00e3o do F\u00f3rum em conjunto com o Estado e os demais munic\u00edpios da regi\u00e3o \u00e9 fundamental para a elabora\u00e7\u00e3o de novas pol\u00edticas p\u00fablicas que ir\u00e3o beneficiar toda essa popula\u00e7\u00e3o. O estreitamento de Jundia\u00ed com o Governo Estadual e munic\u00edpio da regi\u00e3o \u00e9 uma pr\u00e1tica constante e deve ser intensificada em todas as \u00e1reas\u201d, ressalta o Gestor Dr. Gustavo Maryssael.<\/p>\n\n\n\n<p>O pr\u00f3ximo passo \u00e9 a forma\u00e7\u00e3o de um grupo de trabalho pra desenvolver as tem\u00e1ticas a serem abordadas no evento. Novos encontros acontecer\u00e3o para alinhar detalhes. \u201cO poder p\u00fablico precisa ter um olhar educativo com foco na cidadania no desenvolvimento de propostas para a popula\u00e7\u00e3o, como \u00e9 o caso desse F\u00f3rum. Dessa maneira conseguiremos transformar as pessoas e, consequentemente, melhorar a sociedade\u201d, opina Ma\u00edsa Costa.<\/p>\n\n\n\n<p>\u201cO desenvolvimento da proposta de forma integrada com o Estado e demais cidades \u00e9 muito importante para que a gente tenha propostas exequ\u00edveis e que melhorem a vida das pessoas. A ideia \u00e9 dividir esfor\u00e7os para multiplicar resultados\u201d, argumenta o Assessor de Direitos Humanos, Paulo Fernando.<\/p>\n\n\n\n<p><strong><em>(Fonte\/Imagem: Prefeitura de Jundia\u00ed)<\/em><\/strong><\/p>\n","protected":false},"excerpt":{"rendered":"<p>Objetivo do F\u00f3rum \u00e9 o fomento dos direitos humanos e da dignidade das pessoas<\/p>\n","protected":false},"author":30,"featured_media":109055,"comment_status":"closed","ping_status":"0","sticky":false,"template":"","format":"standard","meta":{"footnotes":""},"categories":[8356,1],"tags":[],"class_list":["post-109053","post","type-post","status-publish","format-standard","has-post-thumbnail","hentry","category-jundiai","category-noticias"],"_links":{"self":[{"href":"https:\/\/tvtecjundiai.com.br\/news\/wp-json\/wp\/v2\/posts\/109053","targetHints":{"allow":["GET"]}}],"collection":[{"href":"https:\/\/tvtecjundiai.com.br\/news\/wp-json\/wp\/v2\/posts"}],"about":[{"href":"https:\/\/tvtecjundiai.com.br\/news\/wp-json\/wp\/v2\/types\/post"}],"author":[{"embeddable":true,"href":"https:\/\/tvtecjundiai.com.br\/news\/wp-json\/wp\/v2\/users\/30"}],"replies":[{"embeddable":true,"href":"https:\/\/tvtecjundiai.com.br\/news\/wp-json\/wp\/v2\/comments?post=109053"}],"version-history":[{"count":1,"href":"https:\/\/tvtecjundiai.com.br\/news\/wp-json\/wp\/v2\/posts\/109053\/revisions"}],"predecessor-version":[{"id":109056,"href":"https:\/\/tvtecjundiai.com.br\/news\/wp-json\/wp\/v2\/posts\/109053\/revisions\/109056"}],"wp:featuredmedia":[{"embeddable":true,"href":"https:\/\/tvtecjundiai.com.br\/news\/wp-json\/wp\/v2\/media\/109055"}],"wp:attachment":[{"href":"https:\/\/tvtecjundiai.com.br\/news\/wp-json\/wp\/v2\/media?parent=109053"}],"wp:term":[{"taxonomy":"category","embeddable":true,"href":"https:\/\/tvtecjundiai.com.br\/news\/wp-json\/wp\/v2\/categories?post=109053"},{"taxonomy":"post_tag","embeddable":true,"href":"https:\/\/tvtecjundiai.com.br\/news\/wp-json\/wp\/v2\/tags?post=109053"}],"curies":[{"name":"wp","href":"https:\/\/api.w.org\/{rel}","templated":true}]}}