{"id":109057,"date":"2023-05-12T11:25:36","date_gmt":"2023-05-12T14:25:36","guid":{"rendered":"https:\/\/tvtecjundiai.com.br\/news\/?p=109057"},"modified":"2023-05-12T11:28:33","modified_gmt":"2023-05-12T14:28:33","slug":"dia-das-maes-prefeitura-realiza-operacoes-especiais-de-transito-e-de-transporte","status":"publish","type":"post","link":"https:\/\/tvtecjundiai.com.br\/news\/2023\/05\/12\/dia-das-maes-prefeitura-realiza-operacoes-especiais-de-transito-e-de-transporte\/","title":{"rendered":"Prefeitura realiza opera\u00e7\u00f5es especiais de tr\u00e2nsito e de transporte no Dia das M\u00e3es"},"content":{"rendered":"\n<p>O Dia das M\u00e3es, comemorado no segundo domingo de maio, portanto, neste ano no dia 14, \u00e9 tradicionalmente celebrado por muitas fam\u00edlias que aproveitam para almo\u00e7ar em um lugar diferente, passear e se divertir. Al\u00e9m disso, na v\u00e9spera, sempre h\u00e1 expectativa no aumento de pessoas que v\u00e3o aos shoppings e regi\u00f5es de com\u00e9rcio para comprar presentes.<\/p>\n\n\n\n<p>Para atender as demandas tanto no tr\u00e2nsito quanto de transporte coletivo, a Prefeitura, por meio da Unidade de Gest\u00e3o de Mobilidade e Transporte (UGMT), ir\u00e1 realizar opera\u00e7\u00f5es especiais.<\/p>\n\n\n\n<p><strong>Transporte Coletivo<\/strong><\/p>\n\n\n\n<p>Neste s\u00e1bado (13), durante o dia, ser\u00e1 realizado o refor\u00e7o com programa\u00e7\u00e3o especial para as seguintes linhas:<\/p>\n\n\n\n<ul class=\"wp-block-list\">\n<li>943 \u2013 Terminal Eloy Chaves \/ Terminal Central (Expresso)<\/li>\n\n\n\n<li>953 \u2013 Terminal Col\u00f4nia \/ Terminal Central<\/li>\n\n\n\n<li>957 \u2013 Terminal Col\u00f4nia \/ Terminal Vila Hortol\u00e2ndia (via Maxi Shopping)<\/li>\n\n\n\n<li>961 \u2013 Terminal Cecap \/ Terminal Vila Arens (via Terminal Hortol\u00e2ndia)<\/li>\n\n\n\n<li>962 \u2013 Terminal Central \/ Terminal Cecap (via Terminal Hortol\u00e2ndia)<\/li>\n<\/ul>\n\n\n\n<p>Al\u00e9m disso, durante todo o dia e no per\u00edodo noturno, ser\u00e3o disponibilizados ve\u00edculos extras, nos terminais de \u00f4nibus, para atender as demandas de viagens que atendem tanto o com\u00e9rcio central quanto os shoppings, caso haja de necessidade.<\/p>\n\n\n\n<p>J\u00e1 no domingo (14), \u00f4nibus extras permanecer\u00e3o no Terminal Col\u00f4nia para cobrir eventuais atrasos em linhas que atendem \u00e0 regi\u00e3o dos restaurantes no bairro Caxambu.&nbsp;<\/p>\n\n\n<div class=\"wp-block-image\">\n<figure class=\"aligncenter size-large is-resized\"><img loading=\"lazy\" decoding=\"async\" src=\"https:\/\/tvtecjundiai.com.br\/news\/wp-content\/uploads\/sites\/2\/2023\/05\/onibus-extras-terminais-2-1280x821-1-1200x770.jpg\" alt=\"\" class=\"wp-image-109058\" width=\"840\" height=\"539\" srcset=\"https:\/\/tvtecjundiai.com.br\/news\/wp-content\/uploads\/sites\/2\/2023\/05\/onibus-extras-terminais-2-1280x821-1-1200x770.jpg 1200w, https:\/\/tvtecjundiai.com.br\/news\/wp-content\/uploads\/sites\/2\/2023\/05\/onibus-extras-terminais-2-1280x821-1-300x192.jpg 300w, https:\/\/tvtecjundiai.com.br\/news\/wp-content\/uploads\/sites\/2\/2023\/05\/onibus-extras-terminais-2-1280x821-1-768x493.jpg 768w, https:\/\/tvtecjundiai.com.br\/news\/wp-content\/uploads\/sites\/2\/2023\/05\/onibus-extras-terminais-2-1280x821-1.jpg 1280w\" sizes=\"auto, (max-width: 840px) 100vw, 840px\" \/><figcaption class=\"wp-element-caption\">Ser\u00e3o disponibilizados ve\u00edculos extras, nos terminais de \u00f4nibus, para atender demandas de passageiros<\/figcaption><\/figure>\n<\/div>\n\n\n<p><strong>Tr\u00e2nsito<\/strong><\/p>\n\n\n\n<p>No domingo (14), o monitoramento ser\u00e1 intensificado pelas vias municipais, principalmente, na regi\u00e3o do Bairro Caxambu, que concentra v\u00e1rios restaurantes e adegas que s\u00e3o destinos das fam\u00edlias no per\u00edodo do almo\u00e7o.<\/p>\n\n\n\n<p>Os agentes de tr\u00e2nsito permanecer\u00e3o nos principais cruzamentos, entre eles da Av. Humberto Cereser com a Av. Jos\u00e9 Mezzalira, Av. Humberto Cereser com a Av. Comendador Ant\u00f4nio Borin, para operar e organizar o tr\u00e2nsito, proporcionando melhor fluidez, minimizando os impactos provocados pelas varia\u00e7\u00f5es no fluxo de ve\u00edculos.<\/p>\n\n\n\n<p><strong><em>(Fonte\/Imagem: Prefeitura de Jundia\u00ed)<\/em><\/strong><\/p>\n","protected":false},"excerpt":{"rendered":"<p>Ser\u00e3o disponibilizados ve\u00edculos extras, nos terminais de \u00f4nibus, para atender demandas de passageiros<\/p>\n","protected":false},"author":30,"featured_media":109058,"comment_status":"closed","ping_status":"0","sticky":false,"template":"","format":"standard","meta":{"footnotes":""},"categories":[8356,1,3059],"tags":[],"class_list":["post-109057","post","type-post","status-publish","format-standard","has-post-thumbnail","hentry","category-jundiai","category-noticias","category-transportes"],"_links":{"self":[{"href":"https:\/\/tvtecjundiai.com.br\/news\/wp-json\/wp\/v2\/posts\/109057","targetHints":{"allow":["GET"]}}],"collection":[{"href":"https:\/\/tvtecjundiai.com.br\/news\/wp-json\/wp\/v2\/posts"}],"about":[{"href":"https:\/\/tvtecjundiai.com.br\/news\/wp-json\/wp\/v2\/types\/post"}],"author":[{"embeddable":true,"href":"https:\/\/tvtecjundiai.com.br\/news\/wp-json\/wp\/v2\/users\/30"}],"replies":[{"embeddable":true,"href":"https:\/\/tvtecjundiai.com.br\/news\/wp-json\/wp\/v2\/comments?post=109057"}],"version-history":[{"count":2,"href":"https:\/\/tvtecjundiai.com.br\/news\/wp-json\/wp\/v2\/posts\/109057\/revisions"}],"predecessor-version":[{"id":109061,"href":"https:\/\/tvtecjundiai.com.br\/news\/wp-json\/wp\/v2\/posts\/109057\/revisions\/109061"}],"wp:featuredmedia":[{"embeddable":true,"href":"https:\/\/tvtecjundiai.com.br\/news\/wp-json\/wp\/v2\/media\/109058"}],"wp:attachment":[{"href":"https:\/\/tvtecjundiai.com.br\/news\/wp-json\/wp\/v2\/media?parent=109057"}],"wp:term":[{"taxonomy":"category","embeddable":true,"href":"https:\/\/tvtecjundiai.com.br\/news\/wp-json\/wp\/v2\/categories?post=109057"},{"taxonomy":"post_tag","embeddable":true,"href":"https:\/\/tvtecjundiai.com.br\/news\/wp-json\/wp\/v2\/tags?post=109057"}],"curies":[{"name":"wp","href":"https:\/\/api.w.org\/{rel}","templated":true}]}}