{"id":109064,"date":"2023-05-12T12:08:15","date_gmt":"2023-05-12T15:08:15","guid":{"rendered":"https:\/\/tvtecjundiai.com.br\/news\/?p=109064"},"modified":"2023-05-12T12:08:16","modified_gmt":"2023-05-12T15:08:16","slug":"forum-de-luta-antimanicomial-reune-mais-de-200-pessoas-no-sesc","status":"publish","type":"post","link":"https:\/\/tvtecjundiai.com.br\/news\/2023\/05\/12\/forum-de-luta-antimanicomial-reune-mais-de-200-pessoas-no-sesc\/","title":{"rendered":"F\u00f3rum de Luta Antimanicomial re\u00fane mais de 200 pessoas no Sesc"},"content":{"rendered":"\n<p>Dando continuidade \u00e0s atividades do M\u00eas de Luta Antimanicomial, a Coordena\u00e7\u00e3o de Sa\u00fade Mental da Unidade de Gest\u00e3o de Promo\u00e7\u00e3o da Sa\u00fade (UGPS), em parceria com o Sesc Jundia\u00ed, realizou nesta quinta-feira (11) a s\u00e9tima edi\u00e7\u00e3o do F\u00f3rum da Luta Antimanicomial. A atividade reuniu mais de 200 pessoas.<\/p>\n\n\n\n<p>Com a participa\u00e7\u00e3o de convidados, o evento aprofundou o tema da programa\u00e7\u00e3o deste ano: \u201cSa\u00fade Mental e o Direito \u00e0 Cidade: constru\u00e7\u00f5es e reinven\u00e7\u00f5es poss\u00edveis para o habitar em liberdade\u201d. Al\u00e9m da diretora do Departamento de Sa\u00fade Mental da Secretaria de Aten\u00e7\u00e3o Especializada \u00e0 Sa\u00fade do Minist\u00e9rio da Sa\u00fade, Profa. Dra. Sonia Barros, participaram o diretor de Promo\u00e7\u00e3o dos Direitos da Popula\u00e7\u00e3o em Situa\u00e7\u00e3o de Rua do Minist\u00e9rio dos Direitos Humanos, Leonardo Pinho, a coordenadora adjunta do curso de Psicologia da Universidade Presbiteriana Mackenzie, Fl\u00e1via Blikstein, e a pesquisadora do Instituto de Sa\u00fade da Secretaria de Estado da Sa\u00fade de S\u00e3o Paulo e coordenadora de Curadoria do Projeto Cidad\u00e3os Cantantes, Isabel Cristina Lopes.<\/p>\n\n\n<div class=\"wp-block-image\">\n<figure class=\"aligncenter size-large\"><img loading=\"lazy\" decoding=\"async\" width=\"1200\" height=\"801\" src=\"https:\/\/tvtecjundiai.com.br\/news\/wp-content\/uploads\/sites\/2\/2023\/05\/forum-da-luta-antimanicomial-de-jundiai_fm_-63-2-1280x854-2-1200x801.jpg\" alt=\"\" class=\"wp-image-109066\" srcset=\"https:\/\/tvtecjundiai.com.br\/news\/wp-content\/uploads\/sites\/2\/2023\/05\/forum-da-luta-antimanicomial-de-jundiai_fm_-63-2-1280x854-2-1200x801.jpg 1200w, https:\/\/tvtecjundiai.com.br\/news\/wp-content\/uploads\/sites\/2\/2023\/05\/forum-da-luta-antimanicomial-de-jundiai_fm_-63-2-1280x854-2-300x200.jpg 300w, https:\/\/tvtecjundiai.com.br\/news\/wp-content\/uploads\/sites\/2\/2023\/05\/forum-da-luta-antimanicomial-de-jundiai_fm_-63-2-1280x854-2-768x512.jpg 768w, https:\/\/tvtecjundiai.com.br\/news\/wp-content\/uploads\/sites\/2\/2023\/05\/forum-da-luta-antimanicomial-de-jundiai_fm_-63-2-1280x854-2.jpg 1280w\" sizes=\"auto, (max-width: 1200px) 100vw, 1200px\" \/><figcaption class=\"wp-element-caption\">Trabalhadores da sa\u00fade e usu\u00e1rios do sistema participaram dos debates<\/figcaption><\/figure>\n<\/div>\n\n\n<p>\u201cReunimos a rede de trabalhadores, usu\u00e1rios dos servi\u00e7os, a sociedade e convidados que s\u00e3o refer\u00eancias na \u00e1rea para propor reflex\u00f5es e atualiza\u00e7\u00f5es sobre a constru\u00e7\u00e3o de pol\u00edticas intersetoriais, visando que as pessoas com sofrimento ps\u00edquico tenham melhores condi\u00e7\u00f5es para viver em liberdade nas cidades. Sabemos que isso engloba abordar n\u00e3o somente o acesso \u00e0 sa\u00fade, mas fatores como a moradia, a renda, o transporte e a cultura\u201d, observou o coordenador de Sa\u00fade Mental da UGPS, Alexandre Moreno Sandri.<\/p>\n\n\n\n<p>O gestor de Promo\u00e7\u00e3o da Sa\u00fade, Tiago Texera, representando o prefeito Luiz Fernando Machado, destacou a import\u00e2ncia do evento. \u201cJundia\u00ed conta com uma Rede de Aten\u00e7\u00e3o Psicossocial bem estruturada, mas sabemos que ainda existem desafios. O adoecimento em sa\u00fade mental tem atingido boa parte da sociedade, tendo sido agravado pela pandemia de Covid-19. \u00c9 fundamental tratarmos a quest\u00e3o e tudo o que envolve para fortalecer as pol\u00edticas p\u00fablicas que versam sobre o cuidado e a melhoria da qualidade dessa popula\u00e7\u00e3o\u201d.<\/p>\n\n\n<div class=\"wp-block-image\">\n<figure class=\"aligncenter size-large\"><img loading=\"lazy\" decoding=\"async\" width=\"1200\" height=\"801\" src=\"https:\/\/tvtecjundiai.com.br\/news\/wp-content\/uploads\/sites\/2\/2023\/05\/forum-da-luta-antimanicomial-de-jundiai_fm_-9-1280x854-2-1200x801.jpg\" alt=\"\" class=\"wp-image-109068\" srcset=\"https:\/\/tvtecjundiai.com.br\/news\/wp-content\/uploads\/sites\/2\/2023\/05\/forum-da-luta-antimanicomial-de-jundiai_fm_-9-1280x854-2-1200x801.jpg 1200w, https:\/\/tvtecjundiai.com.br\/news\/wp-content\/uploads\/sites\/2\/2023\/05\/forum-da-luta-antimanicomial-de-jundiai_fm_-9-1280x854-2-300x200.jpg 300w, https:\/\/tvtecjundiai.com.br\/news\/wp-content\/uploads\/sites\/2\/2023\/05\/forum-da-luta-antimanicomial-de-jundiai_fm_-9-1280x854-2-768x512.jpg 768w, https:\/\/tvtecjundiai.com.br\/news\/wp-content\/uploads\/sites\/2\/2023\/05\/forum-da-luta-antimanicomial-de-jundiai_fm_-9-1280x854-2.jpg 1280w\" sizes=\"auto, (max-width: 1200px) 100vw, 1200px\" \/><figcaption class=\"wp-element-caption\">Artesanatos e pe\u00e7as de decora\u00e7\u00e3o foram comercializados pelos expositores<\/figcaption><\/figure>\n<\/div>\n\n\n<p>O gerente do Sesc Jundia\u00ed, Wagner Dini de Castro, tamb\u00e9m avaliou positivamente a iniciativa. \u201cO acolhimento de todos \u00e9 um dos nossos principais ativos. Desenvolvemos v\u00e1rios projetos, dentro das \u00e1reas de cultura, esporte e lazer, trazendo para o centro do debate a sa\u00fade mental. \u00c9 importante unir for\u00e7as e atuar como parceiro da rede de Jundia\u00ed nesta reflex\u00e3o\u201d, destacou.<\/p>\n\n\n\n<p>Ao longo do dia, o Sesc recebeu a Feira Colmeia Ecosol, iniciativa intersetorial da Prefeitura para o fomento a atividades geradoras de renda por meio de Economia Criativa e Solid\u00e1ria e para a oportuniza\u00e7\u00e3o do contato com os consumidores.<\/p>\n","protected":false},"excerpt":{"rendered":"<p>Artesanatos e pe\u00e7as de decora\u00e7\u00e3o foram comercializados pelos expositores<\/p>\n","protected":false},"author":30,"featured_media":109068,"comment_status":"closed","ping_status":"0","sticky":false,"template":"","format":"standard","meta":{"footnotes":""},"categories":[8357,8356],"tags":[],"class_list":["post-109064","post","type-post","status-publish","format-standard","has-post-thumbnail","hentry","category-gestao","category-jundiai"],"_links":{"self":[{"href":"https:\/\/tvtecjundiai.com.br\/news\/wp-json\/wp\/v2\/posts\/109064","targetHints":{"allow":["GET"]}}],"collection":[{"href":"https:\/\/tvtecjundiai.com.br\/news\/wp-json\/wp\/v2\/posts"}],"about":[{"href":"https:\/\/tvtecjundiai.com.br\/news\/wp-json\/wp\/v2\/types\/post"}],"author":[{"embeddable":true,"href":"https:\/\/tvtecjundiai.com.br\/news\/wp-json\/wp\/v2\/users\/30"}],"replies":[{"embeddable":true,"href":"https:\/\/tvtecjundiai.com.br\/news\/wp-json\/wp\/v2\/comments?post=109064"}],"version-history":[{"count":1,"href":"https:\/\/tvtecjundiai.com.br\/news\/wp-json\/wp\/v2\/posts\/109064\/revisions"}],"predecessor-version":[{"id":109069,"href":"https:\/\/tvtecjundiai.com.br\/news\/wp-json\/wp\/v2\/posts\/109064\/revisions\/109069"}],"wp:featuredmedia":[{"embeddable":true,"href":"https:\/\/tvtecjundiai.com.br\/news\/wp-json\/wp\/v2\/media\/109068"}],"wp:attachment":[{"href":"https:\/\/tvtecjundiai.com.br\/news\/wp-json\/wp\/v2\/media?parent=109064"}],"wp:term":[{"taxonomy":"category","embeddable":true,"href":"https:\/\/tvtecjundiai.com.br\/news\/wp-json\/wp\/v2\/categories?post=109064"},{"taxonomy":"post_tag","embeddable":true,"href":"https:\/\/tvtecjundiai.com.br\/news\/wp-json\/wp\/v2\/tags?post=109064"}],"curies":[{"name":"wp","href":"https:\/\/api.w.org\/{rel}","templated":true}]}}