{"id":109070,"date":"2023-05-12T12:15:13","date_gmt":"2023-05-12T15:15:13","guid":{"rendered":"https:\/\/tvtecjundiai.com.br\/news\/?p=109070"},"modified":"2023-05-12T12:15:18","modified_gmt":"2023-05-12T15:15:18","slug":"biblioteca-recebe-exposicao-proposta-por-alunos-da-fatec","status":"publish","type":"post","link":"https:\/\/tvtecjundiai.com.br\/news\/2023\/05\/12\/biblioteca-recebe-exposicao-proposta-por-alunos-da-fatec\/","title":{"rendered":"Biblioteca recebe exposi\u00e7\u00e3o proposta por alunos da Fatec"},"content":{"rendered":"\n<p>A Biblioteca P\u00fablica Prof.Nelson Foot (BNF), equipamento ligado a Unidade de Gest\u00e3o de Cultura (UGC) recebeu na manh\u00e3 desta quinta-feira (11), alunos do segundo semestre do curso de Eventos da Fatec Jundia\u00ed, acompanhados dos professores Ma. Marianna Lamas Ramalho, Ma. Adriana Perroni Ballerini e Ms. Galileo Schioser, oportunidade em que foi aberta a exposi\u00e7\u00e3o \u201cComendo a Terra e Segurando o C\u00e9u\u201d, no espa\u00e7o da Galeria.<\/p>\n\n\n\n<p><a href=\"https:\/\/cultura.jundiai.sp.gov.br\/exposicoes\/comendo-a-terra-e-segurando-o-ceu\/\" target=\"_blank\" rel=\"noreferrer noopener\">CONFIRA AS FOTOS DA EXPOSI\u00c7\u00c3O<\/a><\/p>\n\n\n\n<p>Tamb\u00e9m participaram da abertura alunos do Centro Municipal de Educa\u00e7\u00e3o para Jovens e Adultos \u2013 CMEJA \u2013 que foram convidados pela Fatec para integrar o projeto da exposi\u00e7\u00e3o, com a confec\u00e7\u00e3o de cards, sob a orienta\u00e7\u00e3o da professora de L\u00edngua Inglesa.<\/p>\n\n\n\n<p>Para a bibliotec\u00e1ria da BNF, Michele Bueno, a proposta da Fatec Jundia\u00ed com essa exposi\u00e7\u00e3o e realiza\u00e7\u00e3o do Encontro de Tecnologia e Cultura: Humanidades e Futuros \u00e9 bastante inspirador e dever\u00e1 atrair um grande p\u00fablico. \u201c\u00c9 muito gratificante ver que a comunidade se apropriando dos espa\u00e7os oferecidos pela Biblioteca. Aqui a Literatura ser\u00e1 sempre destaque, mas n\u00f3s queremos outros segmentos ocupando e divulgando suas a\u00e7\u00f5es aqui na Biblioteca. Cultura se faz com parcerias\u201d, finalizou.<\/p>\n\n\n\n<p><strong>Exposi\u00e7\u00e3o<\/strong><\/p>\n\n\n\n<p>\u201cComendo a Terra e Segurando o C\u00e9u\u201d, faz parte do 12.\u00ba Encontro de Tecnologia e Cultura: Humanidades e Futuros e \u00e9 fundamentada na leitura e an\u00e1lise do livro Ideias para adiar o fim do mundo de Ailton Krenak, que traz questionamentos sobre o conceito de humanidade, sobre como vivemos nossa realidade e a fatalidade que teremos de encarar: o futuro e talvez o fim do mundo.<\/p>\n\n\n\n<p>Conforme os organizadores o objetivo da exposi\u00e7\u00e3o \u00e9 de refletir a discrep\u00e2ncia entre o que pensamos ser como humanidade, o que realmente somos e nossas concep\u00e7\u00f5es e ideias para adiar o fim do mundo. A exposi\u00e7\u00e3o encontra-se dividida em duas partes: \u201cComendo a Terra\u201d e \u201cSegurando o C\u00e9u\u201d.<\/p>\n\n\n\n<p>Comendo a Terra representa uma rela\u00e7\u00e3o dial\u00e9tica de consumo e pertencimento nossa para com a Terra. No atual sistema em que vivemos somos levados a uma desconex\u00e3o da natureza, entendendo-a apenas como recurso, mat\u00e9ria-prima, que podemos e devemos explorar do jeito que bem entendemos.<\/p>\n\n\n\n<figure class=\"wp-block-image size-large\"><img loading=\"lazy\" decoding=\"async\" width=\"1200\" height=\"801\" src=\"https:\/\/tvtecjundiai.com.br\/news\/wp-content\/uploads\/sites\/2\/2023\/05\/exposicao-segurando-o-ceu-comendo-a-terra_fm_-29-1280x854-1-1200x801.jpg\" alt=\"\" class=\"wp-image-109071\" srcset=\"https:\/\/tvtecjundiai.com.br\/news\/wp-content\/uploads\/sites\/2\/2023\/05\/exposicao-segurando-o-ceu-comendo-a-terra_fm_-29-1280x854-1-1200x801.jpg 1200w, https:\/\/tvtecjundiai.com.br\/news\/wp-content\/uploads\/sites\/2\/2023\/05\/exposicao-segurando-o-ceu-comendo-a-terra_fm_-29-1280x854-1-300x200.jpg 300w, https:\/\/tvtecjundiai.com.br\/news\/wp-content\/uploads\/sites\/2\/2023\/05\/exposicao-segurando-o-ceu-comendo-a-terra_fm_-29-1280x854-1-768x512.jpg 768w, https:\/\/tvtecjundiai.com.br\/news\/wp-content\/uploads\/sites\/2\/2023\/05\/exposicao-segurando-o-ceu-comendo-a-terra_fm_-29-1280x854-1.jpg 1280w\" sizes=\"auto, (max-width: 1200px) 100vw, 1200px\" \/><\/figure>\n\n\n\n<p><\/p>\n\n\n\n<p>Por\u00e9m, em uma segunda perspectiva comer a terra envolve uma rela\u00e7\u00e3o de pertencimento, \u00e9 perceber que tudo interna e externamente \u00e9 Terra. J\u00e1 em Segurando o C\u00e9u, a exposi\u00e7\u00e3o permeia o que Krenak coloca em seu livro como \u201cconstruir paraquedas coloridos\u201d como uma simbologia de aceitar a queda, por\u00e9m adiar a chegada ao fim do mundo a partir do que pensamos ser formas de fruir a vida e expandir subjetividades por meio de vis\u00f5es e po\u00e9ticas.<\/p>\n\n\n\n<p>O 12\u00ba Encontro de Tecnologia e Cultura \u00e9 uma realiza\u00e7\u00e3o do Curso Superior de Tecnologia em Eventos e do Programa de Extens\u00e3o e Cultura (PEC), ambos da FATEC Jundia\u00ed, que ocorrer\u00e1 no dia 22 de maio das 9h \u00e0s 12h30, no audit\u00f3rio da Biblioteca Municipal Nelson Foot.<\/p>\n\n\n\n<p>A exposi\u00e7\u00e3o \u201cComendo a Terra e Segurando o C\u00e9u\u201d, poder\u00e1 ser visitada at\u00e9 dia 31 de maio, de segunda a sexta-feira, das 9h \u00e0s 21h e aos s\u00e1bados e feriados das 10h \u00e0s 17h. A entrada \u00e9 gratuita. A Biblioteca est\u00e1 localizada dentro do Complexo Argos, na rua Dr. Cavalcanti, 396 \u2013 Vila Arens.<\/p>\n\n\n\n<p><em><strong>(Fonte\/Imagem: Prefeitura de Jundia\u00ed)<\/strong><\/em><\/p>\n","protected":false},"excerpt":{"rendered":"<p>A exposi\u00e7\u00e3o encontra-se dividida em duas partes: \u201cComendo a Terra\u201d e \u201cSegurando o C\u00e9u\u201d.<\/p>\n","protected":false},"author":30,"featured_media":109071,"comment_status":"closed","ping_status":"0","sticky":false,"template":"","format":"standard","meta":{"footnotes":""},"categories":[2833,8356,1],"tags":[],"class_list":["post-109070","post","type-post","status-publish","format-standard","has-post-thumbnail","hentry","category-cultura","category-jundiai","category-noticias"],"_links":{"self":[{"href":"https:\/\/tvtecjundiai.com.br\/news\/wp-json\/wp\/v2\/posts\/109070","targetHints":{"allow":["GET"]}}],"collection":[{"href":"https:\/\/tvtecjundiai.com.br\/news\/wp-json\/wp\/v2\/posts"}],"about":[{"href":"https:\/\/tvtecjundiai.com.br\/news\/wp-json\/wp\/v2\/types\/post"}],"author":[{"embeddable":true,"href":"https:\/\/tvtecjundiai.com.br\/news\/wp-json\/wp\/v2\/users\/30"}],"replies":[{"embeddable":true,"href":"https:\/\/tvtecjundiai.com.br\/news\/wp-json\/wp\/v2\/comments?post=109070"}],"version-history":[{"count":1,"href":"https:\/\/tvtecjundiai.com.br\/news\/wp-json\/wp\/v2\/posts\/109070\/revisions"}],"predecessor-version":[{"id":109072,"href":"https:\/\/tvtecjundiai.com.br\/news\/wp-json\/wp\/v2\/posts\/109070\/revisions\/109072"}],"wp:featuredmedia":[{"embeddable":true,"href":"https:\/\/tvtecjundiai.com.br\/news\/wp-json\/wp\/v2\/media\/109071"}],"wp:attachment":[{"href":"https:\/\/tvtecjundiai.com.br\/news\/wp-json\/wp\/v2\/media?parent=109070"}],"wp:term":[{"taxonomy":"category","embeddable":true,"href":"https:\/\/tvtecjundiai.com.br\/news\/wp-json\/wp\/v2\/categories?post=109070"},{"taxonomy":"post_tag","embeddable":true,"href":"https:\/\/tvtecjundiai.com.br\/news\/wp-json\/wp\/v2\/tags?post=109070"}],"curies":[{"name":"wp","href":"https:\/\/api.w.org\/{rel}","templated":true}]}}