{"id":109082,"date":"2023-05-12T14:29:41","date_gmt":"2023-05-12T17:29:41","guid":{"rendered":"https:\/\/tvtecjundiai.com.br\/news\/?p=109082"},"modified":"2023-05-12T14:29:42","modified_gmt":"2023-05-12T17:29:42","slug":"hospital-sao-vicente-realiza-mais-uma-captacao-de-orgaos-2","status":"publish","type":"post","link":"https:\/\/tvtecjundiai.com.br\/news\/2023\/05\/12\/hospital-sao-vicente-realiza-mais-uma-captacao-de-orgaos-2\/","title":{"rendered":"Hospital S\u00e3o Vicente realiza mais uma capta\u00e7\u00e3o de \u00f3rg\u00e3os"},"content":{"rendered":"\n<p>A doa\u00e7\u00e3o de \u00f3rg\u00e3os \u00e9 um dos momentos mais complexos e delicados vivenciados pelas equipes no Centro Cir\u00fargico do Hospital de Caridade S\u00e3o Vicente de Paulo (HSV). A fragilidade da vida e a gratid\u00e3o tomam conta dos profissionais que acompanham de perto esse ato de amor ao pr\u00f3ximo. Na tarde desta quinta-feira (11), a institui\u00e7\u00e3o realizou mais uma capta\u00e7\u00e3o de \u00f3rg\u00e3os, desta vez de um doador de 50 anos. O procedimento foi autorizado pela fam\u00edlia e acompanhado pela Comiss\u00e3o Intra Hospitalar de Transplante (CIHT-HSV).<\/p>\n\n\n\n<p>Na ocasi\u00e3o foram captados pulm\u00e3o, rins, f\u00edgado e c\u00f3rneas, que foram direcionados para pacientes na fila de espera para transplante. O transporte foi realizado respeitando o tempo de isquemia, per\u00edodo em que um \u00f3rg\u00e3o pode resistir entre ser captado e transplantado em outro paciente. Os pulm\u00f5es s\u00e3o os primeiros a serem captados, eles se mant\u00eam em boas condi\u00e7\u00f5es para o transplante pelo per\u00edodo de 4 a 6 horas. O f\u00edgado conta com o tempo de 12 horas, seguido dos rins, cujo tempo \u00e9 de 48 horas e c\u00f3rneas, com tempo de sete dias.<\/p>\n\n\n<div class=\"wp-block-image\">\n<figure class=\"aligncenter size-full is-resized\"><img loading=\"lazy\" decoding=\"async\" src=\"https:\/\/tvtecjundiai.com.br\/news\/wp-content\/uploads\/sites\/2\/2023\/05\/Gesto-de-amor-doacao-de-orgaos-2-1200x834-1.jpg\" alt=\"\" class=\"wp-image-109083\" width=\"684\" height=\"475\" srcset=\"https:\/\/tvtecjundiai.com.br\/news\/wp-content\/uploads\/sites\/2\/2023\/05\/Gesto-de-amor-doacao-de-orgaos-2-1200x834-1.jpg 1200w, https:\/\/tvtecjundiai.com.br\/news\/wp-content\/uploads\/sites\/2\/2023\/05\/Gesto-de-amor-doacao-de-orgaos-2-1200x834-1-300x209.jpg 300w, https:\/\/tvtecjundiai.com.br\/news\/wp-content\/uploads\/sites\/2\/2023\/05\/Gesto-de-amor-doacao-de-orgaos-2-1200x834-1-768x534.jpg 768w\" sizes=\"auto, (max-width: 684px) 100vw, 684px\" \/><\/figure>\n<\/div>\n\n\n<p><\/p>\n\n\n\n<p>Ainda que o paciente manifeste em vida o desejo de ser doador, a decis\u00e3o final \u00e9 sempre da fam\u00edlia. Por isso, o melhor caminho para que a doa\u00e7\u00e3o seja efetivada \u00e9 o di\u00e1logo. A enfermeira da CIHT, Thais Fernanda da Rocha Santos, compartilha a import\u00e2ncia da a\u00e7\u00e3o. \u201c\u00c9 essencial que o assunto seja tratado com naturalidade, permitindo que a fam\u00edlia, ao se deparar com a perda de um ente querido, possa tomar a decis\u00e3o mais acertada para o momento\u201d.<\/p>\n\n\n\n<p><em><strong>(Fonte\/Imagem: Assessoria Hospital S\u00e3o Vicente)<\/strong><\/em><\/p>\n","protected":false},"excerpt":{"rendered":"<p>Foram captados pulm\u00e3o, rins, f\u00edgado e c\u00f3rneas de um doador de 50 anos<\/p>\n","protected":false},"author":30,"featured_media":109083,"comment_status":"closed","ping_status":"0","sticky":false,"template":"","format":"standard","meta":{"footnotes":""},"categories":[8356,1,2839,8355],"tags":[],"class_list":["post-109082","post","type-post","status-publish","format-standard","has-post-thumbnail","hentry","category-jundiai","category-noticias","category-saude","category-saude-3"],"_links":{"self":[{"href":"https:\/\/tvtecjundiai.com.br\/news\/wp-json\/wp\/v2\/posts\/109082","targetHints":{"allow":["GET"]}}],"collection":[{"href":"https:\/\/tvtecjundiai.com.br\/news\/wp-json\/wp\/v2\/posts"}],"about":[{"href":"https:\/\/tvtecjundiai.com.br\/news\/wp-json\/wp\/v2\/types\/post"}],"author":[{"embeddable":true,"href":"https:\/\/tvtecjundiai.com.br\/news\/wp-json\/wp\/v2\/users\/30"}],"replies":[{"embeddable":true,"href":"https:\/\/tvtecjundiai.com.br\/news\/wp-json\/wp\/v2\/comments?post=109082"}],"version-history":[{"count":1,"href":"https:\/\/tvtecjundiai.com.br\/news\/wp-json\/wp\/v2\/posts\/109082\/revisions"}],"predecessor-version":[{"id":109084,"href":"https:\/\/tvtecjundiai.com.br\/news\/wp-json\/wp\/v2\/posts\/109082\/revisions\/109084"}],"wp:featuredmedia":[{"embeddable":true,"href":"https:\/\/tvtecjundiai.com.br\/news\/wp-json\/wp\/v2\/media\/109083"}],"wp:attachment":[{"href":"https:\/\/tvtecjundiai.com.br\/news\/wp-json\/wp\/v2\/media?parent=109082"}],"wp:term":[{"taxonomy":"category","embeddable":true,"href":"https:\/\/tvtecjundiai.com.br\/news\/wp-json\/wp\/v2\/categories?post=109082"},{"taxonomy":"post_tag","embeddable":true,"href":"https:\/\/tvtecjundiai.com.br\/news\/wp-json\/wp\/v2\/tags?post=109082"}],"curies":[{"name":"wp","href":"https:\/\/api.w.org\/{rel}","templated":true}]}}