{"id":109085,"date":"2023-05-12T15:40:27","date_gmt":"2023-05-12T18:40:27","guid":{"rendered":"https:\/\/tvtecjundiai.com.br\/news\/?p=109085"},"modified":"2023-05-12T15:40:31","modified_gmt":"2023-05-12T18:40:31","slug":"poliomielite-segue-como-unica-emergencia-global-mantida-pela-oms","status":"publish","type":"post","link":"https:\/\/tvtecjundiai.com.br\/news\/2023\/05\/12\/poliomielite-segue-como-unica-emergencia-global-mantida-pela-oms\/","title":{"rendered":"Poliomielite segue como \u00fanica emerg\u00eancia global mantida pela OMS"},"content":{"rendered":"\n<p>Ap\u00f3s a altera\u00e7\u00e3o do status da COVID-19 e da mpox, a poliomielite figura atualmente como a \u00fanica emerg\u00eancia em sa\u00fade p\u00fablica de import\u00e2ncia internacional mantida pela\u00a0Organiza\u00e7\u00e3o Mundial da Sa\u00fade (OMS).<\/p>\n\n\n\n<p>O mesmo comit\u00ea que declarou o fim da emerg\u00eancia para a COVID-19 e para a mpox decidiu &#8211; por unanimidade &#8211; manter o mais alto status concedido pela entidade para a p\u00f3lio, popularmente conhecida como paralisia infantil.\u00a0<\/p>\n\n\n\n<p>\u201cO comit\u00ea unanimemente concordou que o risco de dissemina\u00e7\u00e3o internacional do poliov\u00edrus permanece como emerg\u00eancia em sa\u00fade p\u00fablica de import\u00e2ncia internacional e orientou para a extens\u00e3o das recomenda\u00e7\u00f5es tempor\u00e1rias por mais tr\u00eas meses\u201d, destacou o relat\u00f3rio da OMS, que considerou, entre outros fatores, a transmiss\u00e3o em curso da p\u00f3lio no leste do Afeganist\u00e3o com propaga\u00e7\u00e3o al\u00e9m da fronteira com o Paquist\u00e3o.<\/p>\n\n\n\n<figure class=\"wp-block-image size-full\"><img loading=\"lazy\" decoding=\"async\" width=\"1170\" height=\"700\" src=\"https:\/\/tvtecjundiai.com.br\/news\/wp-content\/uploads\/sites\/2\/2023\/05\/935950-vacinacao-rj0010.jpg\" alt=\"\" class=\"wp-image-109086\" srcset=\"https:\/\/tvtecjundiai.com.br\/news\/wp-content\/uploads\/sites\/2\/2023\/05\/935950-vacinacao-rj0010.jpg 1170w, https:\/\/tvtecjundiai.com.br\/news\/wp-content\/uploads\/sites\/2\/2023\/05\/935950-vacinacao-rj0010-300x179.jpg 300w, https:\/\/tvtecjundiai.com.br\/news\/wp-content\/uploads\/sites\/2\/2023\/05\/935950-vacinacao-rj0010-768x459.jpg 768w\" sizes=\"auto, (max-width: 1170px) 100vw, 1170px\" \/><\/figure>\n\n\n\n<p><\/p>\n\n\n\n<p><strong>Casos recentes<\/strong><\/p>\n\n\n\n<p>Para a decis\u00e3o, a entidade considerou ainda o grande grupo de crian\u00e7as sem nenhum tipo de imuniza\u00e7\u00e3o no sul do Afeganist\u00e3o; a importa\u00e7\u00e3o do poliov\u00edrus selvagem do Paquist\u00e3o para o Malawi e para Mo\u00e7ambique; e a cobertura vacinal abaixo do ideal no sudeste da \u00c1frica, no Malawi, em Mo\u00e7ambique, na Z\u00e2mbia e no Zimb\u00e1bue, o que, para a OMS, significa que pode haver imunidade populacional insuficiente para interromper a transmiss\u00e3o.<\/p>\n\n\n\n<p>Os casos mais recentes de poliov\u00edrus selvagem foram identificados em abril deste ano no Afeganist\u00e3o e em fevereiro no Paquist\u00e3o. No ano passado, a doen\u00e7a foi confirmada em Mo\u00e7ambique e, no fim de 2021, no Malawi. A OMS est\u00e1 atenta ainda para casos de poliov\u00edrus derivados da vacina oral, que cont\u00e9m v\u00edrus vivo atenuado para remover a capacidade de produzir paralisia. Em crian\u00e7as vacinadas com a chamada gotinha, o v\u00edrus atenuado se reproduz e persiste no intestino por cerca de seis semanas at\u00e9 ser excretado no meio ambiente. Esse v\u00edrus vacinal pode, inclusive, atingir outras crian\u00e7as suscet\u00edveis e fornecer prote\u00e7\u00e3o \u2013 fen\u00f4meno conhecido como imunidade de rebanho.<\/p>\n\n\n\n<p>\u201cNo entanto, em locais onde a cobertura vacinal contra a poliomielite \u00e9 baixa, esses v\u00edrus podem ser transmitidos em muitas ocasi\u00f5es entre crian\u00e7as n\u00e3o vacinadas ou parcialmente vacinadas. Em casos muito raros, essas transmiss\u00f5es m\u00faltiplas podem fazer com que os v\u00edrus sofram muta\u00e7\u00e3o ou alterem suas caracter\u00edsticas gen\u00e9ticas, podendo recuperar sua capacidade de produzir paralisia. Isso permite o aparecimento de casos com paralisia derivada da vacina\u201d, explicou a OMS.<\/p>\n\n\n\n<p>Os casos mais recentes de poliov\u00edrus derivados da vacina foram identificados em mar\u00e7o deste ano em Madagascar e na Rep\u00fablica Democr\u00e1tica do Congo, al\u00e9m de um outro caso detectado em fevereiro em Mo\u00e7ambique. No ano passado, Malawi e Congo tamb\u00e9m confirmaram casos. A OMS alerta que a retirada da dose oral contra a p\u00f3lio do calend\u00e1rio de vacina\u00e7\u00e3o de alguns pa\u00edses colabora para a queda na imunidade intestinal de crian\u00e7as pequenas e para o consequente aumento de infec\u00e7\u00f5es derivadas da vacina.<\/p>\n\n\n\n<p><strong>A doen\u00e7a<\/strong><\/p>\n\n\n\n<p>Dados da entidade mostram que a poliomielite afeta principalmente crian\u00e7as com menos de cinco anos de idade. Uma em cada 200 infec\u00e7\u00f5es leva \u00e0 paralisia irrevers\u00edvel, geralmente das pernas. Entre os acometidos, 5% a 10% morrem por paralisia dos m\u00fasculos respirat\u00f3rios.<\/p>\n\n\n\n<p>Os casos de poliomielite diminu\u00edram mais de 99% ao longo dos \u00faltimos anos, passando de 350 mil casos estimados em 1988 para seis casos reportados em 2021.<\/p>\n\n\n\n<p>\u201cEnquanto houver uma crian\u00e7a infectada, crian\u00e7as de todos os pa\u00edses correm o risco de contrair a poliomielite. Se a doen\u00e7a n\u00e3o for erradicada, podem ocorrer at\u00e9 200 mil novos casos no mundo, a cada ano, dentro do per\u00edodo de uma d\u00e9cada&#8221;, estima a OMS.<\/p>\n\n\n\n<p>O Brasil recebeu o certificado de elimina\u00e7\u00e3o da p\u00f3lio em 1994. No entanto, at\u00e9 que a doen\u00e7a seja erradicada em todo o planeta, existe o risco de o pa\u00eds registrar casos importados e do v\u00edrus voltar a circular em territ\u00f3rio nacional.<\/p>\n\n\n\n<p><em><strong>(Fonte: Ag\u00eancia Brasil\/Imagem: Tomaz Silva\/Ag\u00eancia Brasil)<\/strong><\/em><\/p>\n","protected":false},"excerpt":{"rendered":"<p>Doen\u00e7a afeta principalmente crian\u00e7as com menos de cinco anos <\/p>\n","protected":false},"author":30,"featured_media":109086,"comment_status":"closed","ping_status":"0","sticky":false,"template":"","format":"standard","meta":{"footnotes":""},"categories":[1,2839,8355],"tags":[],"class_list":["post-109085","post","type-post","status-publish","format-standard","has-post-thumbnail","hentry","category-noticias","category-saude","category-saude-3"],"_links":{"self":[{"href":"https:\/\/tvtecjundiai.com.br\/news\/wp-json\/wp\/v2\/posts\/109085","targetHints":{"allow":["GET"]}}],"collection":[{"href":"https:\/\/tvtecjundiai.com.br\/news\/wp-json\/wp\/v2\/posts"}],"about":[{"href":"https:\/\/tvtecjundiai.com.br\/news\/wp-json\/wp\/v2\/types\/post"}],"author":[{"embeddable":true,"href":"https:\/\/tvtecjundiai.com.br\/news\/wp-json\/wp\/v2\/users\/30"}],"replies":[{"embeddable":true,"href":"https:\/\/tvtecjundiai.com.br\/news\/wp-json\/wp\/v2\/comments?post=109085"}],"version-history":[{"count":1,"href":"https:\/\/tvtecjundiai.com.br\/news\/wp-json\/wp\/v2\/posts\/109085\/revisions"}],"predecessor-version":[{"id":109087,"href":"https:\/\/tvtecjundiai.com.br\/news\/wp-json\/wp\/v2\/posts\/109085\/revisions\/109087"}],"wp:featuredmedia":[{"embeddable":true,"href":"https:\/\/tvtecjundiai.com.br\/news\/wp-json\/wp\/v2\/media\/109086"}],"wp:attachment":[{"href":"https:\/\/tvtecjundiai.com.br\/news\/wp-json\/wp\/v2\/media?parent=109085"}],"wp:term":[{"taxonomy":"category","embeddable":true,"href":"https:\/\/tvtecjundiai.com.br\/news\/wp-json\/wp\/v2\/categories?post=109085"},{"taxonomy":"post_tag","embeddable":true,"href":"https:\/\/tvtecjundiai.com.br\/news\/wp-json\/wp\/v2\/tags?post=109085"}],"curies":[{"name":"wp","href":"https:\/\/api.w.org\/{rel}","templated":true}]}}