{"id":109099,"date":"2023-05-12T16:12:22","date_gmt":"2023-05-12T19:12:22","guid":{"rendered":"https:\/\/tvtecjundiai.com.br\/news\/?p=109099"},"modified":"2023-05-12T16:12:23","modified_gmt":"2023-05-12T19:12:23","slug":"polytheama-recebe-peca-infantil-neste-domingo-14-e-verba-sera-revertida-para-o-grendacc","status":"publish","type":"post","link":"https:\/\/tvtecjundiai.com.br\/news\/2023\/05\/12\/polytheama-recebe-peca-infantil-neste-domingo-14-e-verba-sera-revertida-para-o-grendacc\/","title":{"rendered":"Polytheama recebe pe\u00e7a infantil neste domingo (14) e verba ser\u00e1 revertida para o Grendacc"},"content":{"rendered":"\n<p>Neste domingo, dia 14, o Teatro Polytheama recebe a pe\u00e7a infantil \u201cBig Big Bang Boom!\u201d, cuja bilheteria ser\u00e1 revertida integralmente para o Hospital da Crian\u00e7a do Grendacc em Jundia\u00ed. O espet\u00e1culo ter\u00e1 duas sess\u00f5es, \u00e0s 16h e \u00e0s 18h, e os ingressos custam R$ 60 (inteira) e R$ 30 (meia), \u00e0 venda na bilheteria do teatro e pela plataforma\u00a0<a rel=\"noreferrer noopener\" href=\"https:\/\/bileto.sympla.com.br\/event\/82106\/d\/190612?_gl=1*u89lb*_ga*MTY0MDMwNjIxNS4xNjgyNDI0NzAx*_ga_KXH10SQTZF*MTY4MzgyOTI3Ny44LjEuMTY4MzgyOTMyMC4wLjAuMA..\" target=\"_blank\">Sympla<\/a>.<\/p>\n\n\n\n<p>Com interpreta\u00e7\u00e3o tamb\u00e9m em Libras, \u201cBig Big Bang Boom!\u201d \u00e9 voltada para crian\u00e7as e todas as idades e faz parte do projeto \u201cInclus\u00e3o em Cena\u201d, realizado por meio da Lei de Incentivo \u00e0 Cultura. O grupo Arte e Ci\u00eancia no Palco fala sobre astronomia e a afinidade que as pessoas t\u00eam com o Universo, outras Gal\u00e1xias, o Tempo e o Espa\u00e7o.<\/p>\n\n\n\n<p>Maria, a personagem infantil, ao embarcar no sonho de conhecer o Universo, aos poucos, quase sem perceber, vai perdendo seus objetos preferidos, para reencontr\u00e1-los mais tarde, depois de buscas desenfreadas, surpresas e perip\u00e9cias, num \u00fanico e insubstitu\u00edvel local, onde \u00e9 poss\u00edvel achar as respostas para as suas pr\u00f3prias inquieta\u00e7\u00f5es: a Terra, que \u00e9 o eixo do in\u00edcio e fim de toda a aventura.<\/p>\n\n\n<div class=\"wp-block-image\">\n<figure class=\"aligncenter size-large is-resized\"><img loading=\"lazy\" decoding=\"async\" src=\"https:\/\/tvtecjundiai.com.br\/news\/wp-content\/uploads\/sites\/2\/2023\/05\/peca-big-big-bang-boom-1200x797.jpg\" alt=\"\" class=\"wp-image-109100\" width=\"714\" height=\"473\" srcset=\"https:\/\/tvtecjundiai.com.br\/news\/wp-content\/uploads\/sites\/2\/2023\/05\/peca-big-big-bang-boom-1200x797.jpg 1200w, https:\/\/tvtecjundiai.com.br\/news\/wp-content\/uploads\/sites\/2\/2023\/05\/peca-big-big-bang-boom-300x199.jpg 300w, https:\/\/tvtecjundiai.com.br\/news\/wp-content\/uploads\/sites\/2\/2023\/05\/peca-big-big-bang-boom-768x510.jpg 768w, https:\/\/tvtecjundiai.com.br\/news\/wp-content\/uploads\/sites\/2\/2023\/05\/peca-big-big-bang-boom.jpg 1400w\" sizes=\"auto, (max-width: 714px) 100vw, 714px\" \/><\/figure>\n<\/div>\n\n\n<p><\/p>\n\n\n\n<h2 class=\"wp-block-heading\" id=\"h-o-grendacc\">O Grendacc<\/h2>\n\n\n\n<p>O Hospital da Crian\u00e7a do Grendacc (Grupo em Defesa da Crian\u00e7a com C\u00e2ncer), completa 28 anos de exist\u00eancia em julho. A institui\u00e7\u00e3o oferece um atendimento de qualidade e humanizado para crian\u00e7as e adolescentes de 0 a 19 anos que lutam contra o c\u00e2ncer e doen\u00e7as hematol\u00f3gicas. Atualmente, 22 crian\u00e7as est\u00e3o em tratamento efetivo (fazendo quimioterapia) e outras 155 crian\u00e7as est\u00e3o em acompanhamento (passando por consultas e exames periodicamente).<\/p>\n\n\n\n<p><strong><em>(Fonte\/Imagem: Grendacc Jundia\u00ed)<\/em><\/strong><\/p>\n","protected":false},"excerpt":{"rendered":"<p>Com interpreta\u00e7\u00e3o tamb\u00e9m em Libras, \u201cBig Big Bang Boom!\u201d \u00e9 voltada para crian\u00e7as e todas as idades<\/p>\n","protected":false},"author":30,"featured_media":109100,"comment_status":"closed","ping_status":"0","sticky":false,"template":"","format":"standard","meta":{"footnotes":""},"categories":[2833,8356,8354,1],"tags":[],"class_list":["post-109099","post","type-post","status-publish","format-standard","has-post-thumbnail","hentry","category-cultura","category-jundiai","category-lazer","category-noticias"],"_links":{"self":[{"href":"https:\/\/tvtecjundiai.com.br\/news\/wp-json\/wp\/v2\/posts\/109099","targetHints":{"allow":["GET"]}}],"collection":[{"href":"https:\/\/tvtecjundiai.com.br\/news\/wp-json\/wp\/v2\/posts"}],"about":[{"href":"https:\/\/tvtecjundiai.com.br\/news\/wp-json\/wp\/v2\/types\/post"}],"author":[{"embeddable":true,"href":"https:\/\/tvtecjundiai.com.br\/news\/wp-json\/wp\/v2\/users\/30"}],"replies":[{"embeddable":true,"href":"https:\/\/tvtecjundiai.com.br\/news\/wp-json\/wp\/v2\/comments?post=109099"}],"version-history":[{"count":1,"href":"https:\/\/tvtecjundiai.com.br\/news\/wp-json\/wp\/v2\/posts\/109099\/revisions"}],"predecessor-version":[{"id":109101,"href":"https:\/\/tvtecjundiai.com.br\/news\/wp-json\/wp\/v2\/posts\/109099\/revisions\/109101"}],"wp:featuredmedia":[{"embeddable":true,"href":"https:\/\/tvtecjundiai.com.br\/news\/wp-json\/wp\/v2\/media\/109100"}],"wp:attachment":[{"href":"https:\/\/tvtecjundiai.com.br\/news\/wp-json\/wp\/v2\/media?parent=109099"}],"wp:term":[{"taxonomy":"category","embeddable":true,"href":"https:\/\/tvtecjundiai.com.br\/news\/wp-json\/wp\/v2\/categories?post=109099"},{"taxonomy":"post_tag","embeddable":true,"href":"https:\/\/tvtecjundiai.com.br\/news\/wp-json\/wp\/v2\/tags?post=109099"}],"curies":[{"name":"wp","href":"https:\/\/api.w.org\/{rel}","templated":true}]}}