{"id":109105,"date":"2023-05-13T14:34:34","date_gmt":"2023-05-13T17:34:34","guid":{"rendered":"https:\/\/tvtecjundiai.com.br\/news\/?p=109105"},"modified":"2023-05-13T14:34:35","modified_gmt":"2023-05-13T17:34:35","slug":"jundiai-participa-de-seminario-na-bahia-sobre-a-lei-paulo-gustavo-para-acoes-e-projetos-culturais","status":"publish","type":"post","link":"https:\/\/tvtecjundiai.com.br\/news\/2023\/05\/13\/jundiai-participa-de-seminario-na-bahia-sobre-a-lei-paulo-gustavo-para-acoes-e-projetos-culturais\/","title":{"rendered":"Jundia\u00ed participa de Semin\u00e1rio na Bahia sobre a Lei Paulo Gustavo para a\u00e7\u00f5es e projetos culturais"},"content":{"rendered":"\n<p>O gestor de Cultura, Marcelo Peroni, a convite do Minist\u00e9rio da Cultura (MinC), participa ao longo desta sexta-feira (12) e s\u00e1bado (13), do Semin\u00e1rio Nacional da Lei Paulo Gustavo (LPG), promovido pelo MinC e pela Universidade Federal da Bahia (UFBA). Realizado na Reitoria da UFBA, em Salvador, o semin\u00e1rio tem o objetivo de capacitar gestores p\u00fablicos de Cultura e sociedade civil acerca da nova legisla\u00e7\u00e3o e contou com as participa\u00e7\u00f5es de diversas autoridades, como a ministra do MinC, Margareth Menezes.<\/p>\n\n\n\n<p>Em Jundia\u00ed, o aporte destinado pela LPG \u2013 Lei Complementar n.\u00ba 195\/2022 pode chegar aos R$ 3,2 milh\u00f5es, para a execu\u00e7\u00e3o de a\u00e7\u00f5es e projetos culturais, por meio de repasse para que o Munic\u00edpio abra editais, chamamentos p\u00fablicos, pr\u00eamios, ou at\u00e9 aquisi\u00e7\u00e3o de bens e servi\u00e7os, em diversos segmentos culturais.<\/p>\n\n\n<div class=\"wp-block-image\">\n<figure class=\"aligncenter size-full\"><img loading=\"lazy\" decoding=\"async\" width=\"988\" height=\"603\" src=\"https:\/\/tvtecjundiai.com.br\/news\/wp-content\/uploads\/sites\/2\/2023\/05\/seminario_lei_paulo_gustavo-3_1.jpeg\" alt=\"\" class=\"wp-image-109106\" srcset=\"https:\/\/tvtecjundiai.com.br\/news\/wp-content\/uploads\/sites\/2\/2023\/05\/seminario_lei_paulo_gustavo-3_1.jpeg 988w, https:\/\/tvtecjundiai.com.br\/news\/wp-content\/uploads\/sites\/2\/2023\/05\/seminario_lei_paulo_gustavo-3_1-300x183.jpeg 300w, https:\/\/tvtecjundiai.com.br\/news\/wp-content\/uploads\/sites\/2\/2023\/05\/seminario_lei_paulo_gustavo-3_1-768x469.jpeg 768w\" sizes=\"auto, (max-width: 988px) 100vw, 988px\" \/><figcaption class=\"wp-element-caption\">Semin\u00e1rio segue com trabalhos neste s\u00e1bado (13), na UFBA, em Salvador<\/figcaption><\/figure>\n<\/div>\n\n\n<p>\u201cDiversos pontos t\u00eam sido destacados neste semin\u00e1rio, como a necessidade que a regulamenta\u00e7\u00e3o d\u00e1 para a aten\u00e7\u00e3o \u00e0s Culturas Ind\u00edgena, Negra e de Pessoas com Defici\u00eancia, e a import\u00e2ncia de pensar o acesso de um maior n\u00famero de pessoas poss\u00edvel, por meio da distribui\u00e7\u00e3o dos recursos e a busca-ativa dos artistas\u201d, comentou Peroni.<\/p>\n\n\n\n<p>A programa\u00e7\u00e3o do Semin\u00e1rio conta com apresenta\u00e7\u00f5es sobre o hist\u00f3rico da LPG, instrumentos jur\u00eddicos e administrativos necess\u00e1rios para a gest\u00e3o dos recursos, capacita\u00e7\u00e3o sobre a plataforma on-line, mesas de di\u00e1logo entre os participantes.<\/p>\n\n\n\n<p>\u201cJ\u00e1 realizamos o di\u00e1logo com as C\u00e2maras setoriais e, na volta a Jundia\u00ed, iremos intensificar os trabalhos com o Conselho, a fim de viabilizar o envio do Plano de Trabalho da lei. Quanto a isso, chama a aten\u00e7\u00e3o para um novo modelo de presta\u00e7\u00e3o de contas j\u00e1 prevista na regulamenta\u00e7\u00e3o, que auxilia o Munic\u00edpio para facilitar o processo de presta\u00e7\u00e3o de contas dos artistas\u201d, concluiu.<\/p>\n\n\n\n<p><strong><em>(Fonte\/Imagem: Prefeitura de Jundia\u00ed)<\/em><\/strong><\/p>\n","protected":false},"excerpt":{"rendered":"<p>Semin\u00e1rio segue com trabalhos neste s\u00e1bado (13), na UFBA, em Salvador<\/p>\n","protected":false},"author":30,"featured_media":109106,"comment_status":"closed","ping_status":"0","sticky":false,"template":"","format":"standard","meta":{"footnotes":""},"categories":[8356,1],"tags":[],"class_list":["post-109105","post","type-post","status-publish","format-standard","has-post-thumbnail","hentry","category-jundiai","category-noticias"],"_links":{"self":[{"href":"https:\/\/tvtecjundiai.com.br\/news\/wp-json\/wp\/v2\/posts\/109105","targetHints":{"allow":["GET"]}}],"collection":[{"href":"https:\/\/tvtecjundiai.com.br\/news\/wp-json\/wp\/v2\/posts"}],"about":[{"href":"https:\/\/tvtecjundiai.com.br\/news\/wp-json\/wp\/v2\/types\/post"}],"author":[{"embeddable":true,"href":"https:\/\/tvtecjundiai.com.br\/news\/wp-json\/wp\/v2\/users\/30"}],"replies":[{"embeddable":true,"href":"https:\/\/tvtecjundiai.com.br\/news\/wp-json\/wp\/v2\/comments?post=109105"}],"version-history":[{"count":1,"href":"https:\/\/tvtecjundiai.com.br\/news\/wp-json\/wp\/v2\/posts\/109105\/revisions"}],"predecessor-version":[{"id":109107,"href":"https:\/\/tvtecjundiai.com.br\/news\/wp-json\/wp\/v2\/posts\/109105\/revisions\/109107"}],"wp:featuredmedia":[{"embeddable":true,"href":"https:\/\/tvtecjundiai.com.br\/news\/wp-json\/wp\/v2\/media\/109106"}],"wp:attachment":[{"href":"https:\/\/tvtecjundiai.com.br\/news\/wp-json\/wp\/v2\/media?parent=109105"}],"wp:term":[{"taxonomy":"category","embeddable":true,"href":"https:\/\/tvtecjundiai.com.br\/news\/wp-json\/wp\/v2\/categories?post=109105"},{"taxonomy":"post_tag","embeddable":true,"href":"https:\/\/tvtecjundiai.com.br\/news\/wp-json\/wp\/v2\/tags?post=109105"}],"curies":[{"name":"wp","href":"https:\/\/api.w.org\/{rel}","templated":true}]}}