{"id":109116,"date":"2023-05-13T16:43:23","date_gmt":"2023-05-13T19:43:23","guid":{"rendered":"https:\/\/tvtecjundiai.com.br\/news\/?p=109116"},"modified":"2023-05-13T16:43:26","modified_gmt":"2023-05-13T19:43:26","slug":"prefeitura-apresenta-politica-publica-para-maes-de-criancas-com-tea","status":"publish","type":"post","link":"https:\/\/tvtecjundiai.com.br\/news\/2023\/05\/13\/prefeitura-apresenta-politica-publica-para-maes-de-criancas-com-tea\/","title":{"rendered":"Prefeitura apresenta pol\u00edtica p\u00fablica para m\u00e3es de crian\u00e7as com TEA"},"content":{"rendered":"\n<p>Em reuni\u00e3o realizada nesta sexta-feira (12), a equipe da Prefeitura composta por gestores e t\u00e9cnicos apresentou a primeira vers\u00e3o da pol\u00edtica p\u00fablica integrada para popula\u00e7\u00e3o com Transtorno do Espectro Autista (TEA), para m\u00e3es que comp\u00f5em o Grupo de Trabalho TEA (GT) que tem filhos matriculados na rede municipal de ensino.<\/p>\n\n\n\n<p>Composta por a\u00e7\u00f5es das \u00e1reas de educa\u00e7\u00e3o, sa\u00fade, assist\u00eancia social e esporte e lazer, articuladas de forma intersetorial, a proposta conclui uma primeira etapa do processo de escuta e constru\u00e7\u00e3o conjunta entre Poder P\u00fablico e o grupo de m\u00e3es, iniciado em mar\u00e7o de 2023.<\/p>\n\n\n\n<p>Dentre as propostas apresentadas, constam a amplia\u00e7\u00e3o dos profissionais de apoio e equipe multidisciplinar nas unidades escolares, intensifica\u00e7\u00e3o das forma\u00e7\u00f5es e qualifica\u00e7\u00f5es ofertadas aos profissionais da educa\u00e7\u00e3o, revis\u00e3o, qualifica\u00e7\u00e3o e padroniza\u00e7\u00e3o dos protocolos de servi\u00e7os utilizados pelas escolas \u00e0s crian\u00e7as com TEA e apoio \u00e0s fam\u00edlias, al\u00e9m do acompanhamento constante daquelas em situa\u00e7\u00e3o de vulnerabilidade e o aumento da capacidade de atendimento do PEAMA.<\/p>\n\n\n\n<p>Na \u00e1rea da sa\u00fade, h\u00e1 a previs\u00e3o de amplia\u00e7\u00e3o do conv\u00eanio existente com a APAE Jundia\u00ed a partir de julho de 2023, assegurando uma maior capacidade de atendimentos e diagn\u00f3sticos mensais, com investimento mensal de R$ 570 mil.<\/p>\n\n\n\n<p>Estiveram presentes na reuni\u00e3o os gestores Jos\u00e9 Antonio Parimoschi (Governo e Finan\u00e7as), Vast\u00ed Ferrari Marques (Educa\u00e7\u00e3o), Tiago Texera (Sa\u00fade) e Maria Brant (Assist\u00eancia e Desenvolvimento Social), al\u00e9m de diretores e t\u00e9cnicos das \u00e1reas respons\u00e1veis pela proposta. Ainda participaram o Assessor de Pol\u00edticas para Pessoas com Defici\u00eancia, Marco Antonio dos Santos, presidente do Conselho Municipal da Pessoa com Defici\u00eancia, Filipi Lima, e a Assessora do vereador Adriano Santana dos Santos, o &nbsp;Dika Xique-Xique, Aline Cristina Antonio de Souza.<\/p>\n\n\n\n<figure class=\"wp-block-image\"><img decoding=\"async\" src=\"https:\/\/jundiai.sp.gov.br\/noticias\/wp-content\/uploads\/sites\/32\/2023\/05\/reuniao_grupo_de_trabalho_tea_pa-39-1-1280x854.jpg\" alt=\"\" class=\"wp-image-317250\" \/><figcaption class=\"wp-element-caption\">Reuni\u00e3o com grupo de m\u00e3es aconteceu na Sala de Situa\u00e7\u00e3o do Pa\u00e7o Municipal<\/figcaption><\/figure>\n\n\n\n<p>\u201cFizemos uma ampla atualiza\u00e7\u00e3o dos protocolos setoriais de servi\u00e7os e integramos as a\u00e7\u00f5es em uma pol\u00edtica p\u00fablica intersetorial, para ampliar a oferta e melhorar a qualidade do atendimento \u00e0s crian\u00e7as com Transtorno do Espectro Autista. Vale lembrar que se trata de uma primeira vers\u00e3o, que foi validada junto com os pais que comp\u00f5em o GT. O trabalho continua para que possamos incrementar as a\u00e7\u00f5es e evoluir na presta\u00e7\u00e3o de servi\u00e7os nessa \u00e1rea t\u00e3o sens\u00edvel para as fam\u00edlias \u201d, avalia Parimoschi.<\/p>\n\n\n\n<p>A reuni\u00e3o foi avaliada positivamente pelos pais, que ressaltaram a import\u00e2ncia do trabalho coletivo. \u201cO Transtorno do Espectro Autista \u00e9 complexo, portanto, \u00e9 importante que os pais que vivem o dia a dia tenham voz na constru\u00e7\u00e3o das pol\u00edticas p\u00fablicas. Juntos com o poder p\u00fablico iremos construir propostas adequadas para todos\u201d, comenta uma das integrantes do Grupo de Trabalho, Daiane Soares da Silva Gon\u00e7alves.<\/p>\n\n\n\n<p>O grupo voltar\u00e1 a se reunir nos pr\u00f3ximos meses, dando continuidade \u00e0 constru\u00e7\u00e3o e melhoria da pol\u00edtica p\u00fablica.<\/p>\n\n\n\n<p><em>Fonte: Prefeitura de Jundia\u00ed<\/em><\/p>\n","protected":false},"excerpt":{"rendered":"<p>reuni\u00e3o foi avaliada positivamente pelos pais, que ressaltaram a import\u00e2ncia do trabalho coletivo<\/p>\n","protected":false},"author":24,"featured_media":109117,"comment_status":"closed","ping_status":"0","sticky":false,"template":"","format":"standard","meta":{"footnotes":""},"categories":[8357,8356],"tags":[],"class_list":["post-109116","post","type-post","status-publish","format-standard","has-post-thumbnail","hentry","category-gestao","category-jundiai"],"_links":{"self":[{"href":"https:\/\/tvtecjundiai.com.br\/news\/wp-json\/wp\/v2\/posts\/109116","targetHints":{"allow":["GET"]}}],"collection":[{"href":"https:\/\/tvtecjundiai.com.br\/news\/wp-json\/wp\/v2\/posts"}],"about":[{"href":"https:\/\/tvtecjundiai.com.br\/news\/wp-json\/wp\/v2\/types\/post"}],"author":[{"embeddable":true,"href":"https:\/\/tvtecjundiai.com.br\/news\/wp-json\/wp\/v2\/users\/24"}],"replies":[{"embeddable":true,"href":"https:\/\/tvtecjundiai.com.br\/news\/wp-json\/wp\/v2\/comments?post=109116"}],"version-history":[{"count":1,"href":"https:\/\/tvtecjundiai.com.br\/news\/wp-json\/wp\/v2\/posts\/109116\/revisions"}],"predecessor-version":[{"id":109118,"href":"https:\/\/tvtecjundiai.com.br\/news\/wp-json\/wp\/v2\/posts\/109116\/revisions\/109118"}],"wp:featuredmedia":[{"embeddable":true,"href":"https:\/\/tvtecjundiai.com.br\/news\/wp-json\/wp\/v2\/media\/109117"}],"wp:attachment":[{"href":"https:\/\/tvtecjundiai.com.br\/news\/wp-json\/wp\/v2\/media?parent=109116"}],"wp:term":[{"taxonomy":"category","embeddable":true,"href":"https:\/\/tvtecjundiai.com.br\/news\/wp-json\/wp\/v2\/categories?post=109116"},{"taxonomy":"post_tag","embeddable":true,"href":"https:\/\/tvtecjundiai.com.br\/news\/wp-json\/wp\/v2\/tags?post=109116"}],"curies":[{"name":"wp","href":"https:\/\/api.w.org\/{rel}","templated":true}]}}