{"id":109125,"date":"2023-05-13T16:55:56","date_gmt":"2023-05-13T19:55:56","guid":{"rendered":"https:\/\/tvtecjundiai.com.br\/news\/?p=109125"},"modified":"2023-05-13T16:55:59","modified_gmt":"2023-05-13T19:55:59","slug":"participantes-da-rota-afro-conhecem-historia-da-comunidade-negra-em-jundiai","status":"publish","type":"post","link":"https:\/\/tvtecjundiai.com.br\/news\/2023\/05\/13\/participantes-da-rota-afro-conhecem-historia-da-comunidade-negra-em-jundiai\/","title":{"rendered":"Participantes da Rota Afro conhecem hist\u00f3ria da comunidade negra em Jundia\u00ed"},"content":{"rendered":"\n<p>Neste s\u00e1bado (13) aconteceu mais uma edi\u00e7\u00e3o da Rota Afro \u2013 Circuito da Mem\u00f3ria da Popula\u00e7\u00e3o Negra em Jundia\u00ed. A a\u00e7\u00e3o cultural faz parte das a\u00e7\u00f5es de educa\u00e7\u00e3o patrimonial da Unidade de Gest\u00e3o de Cultura (UGC) e apresenta aos participantes pontos marcantes da presen\u00e7a da popula\u00e7\u00e3o negra na cidade. No dia de hoje, data que marca os 135 anos da assinatura da Lei \u00c1urea, a proposta tamb\u00e9m foi fazer uma reflex\u00e3o sobre o fato e os reflexos dele nos dias atuais.<\/p>\n\n\n\n<figure class=\"wp-block-image\"><img decoding=\"async\" src=\"https:\/\/jundiai.sp.gov.br\/noticias\/wp-content\/uploads\/sites\/32\/2023\/05\/rota_afro_pa-3-2-1280x854.jpg\" alt=\"\" class=\"wp-image-317277\" \/><figcaption class=\"wp-element-caption\">Grupo \u00e9 acompanhado por monitores, que contam as hist\u00f3rias representadas em cada ponto<\/figcaption><\/figure>\n\n\n\n<p>O administrador Willian Luiz de Assis Souza, de 36 anos, participou e aprovou os pontos apresentados pela equipe da Cultura e afirma que a iniciativa ajuda a mitigar o apagamento da hist\u00f3ria negra na sociedade. \u201cJundia\u00ed \u00e9 tradicionalmente italiana, mas a comunidade negra tem uma grande relev\u00e2ncia na constru\u00e7\u00e3o e no desenvolvimento da cidade. Essas a\u00e7\u00f5es culturais s\u00e3o fundamentais para que a hist\u00f3ria n\u00e3o seja esquecida e mantenha viva a mem\u00f3ria dos nossos ancestrais\u201d, diz.<\/p>\n\n\n\n<figure class=\"wp-block-image\"><img decoding=\"async\" src=\"https:\/\/jundiai.sp.gov.br\/noticias\/wp-content\/uploads\/sites\/32\/2023\/05\/rota_afro_pa-34-1280x854.jpg\" alt=\"\" class=\"wp-image-317280\" \/><figcaption class=\"wp-element-caption\">Parada na Pra\u00e7a do Coreto conta a hist\u00f3ria de Nossa Senhora do Ros\u00e1rio<\/figcaption><\/figure>\n\n\n\n<p>A rota \u00e9 dividida em duas etapas. Ela \u00e9 iniciada no Espa\u00e7o Expressa (antigo Complexo Fepasa) e segue para o Espa\u00e7o \u00c1frica do Jardim Bot\u00e2nico e o Clube 28 de Setembro. Na segunda etapa, os pontos de parada s\u00e3o as pra\u00e7as Ruy Barbosa e Marechal Floriano Peixoto (Pra\u00e7a do Coreto), onde \u00e9 contada a hist\u00f3ria da igreja Nossa Senhora do Ros\u00e1rio e a sua demoli\u00e7\u00e3o e transfer\u00eancia de seu acervo para a igreja na rua Petronilha Antunes. Ela termina em frente ao Museu Hist\u00f3rico e Cultural \u2013 Solar do Bar\u00e3o, onde h\u00e1 o relato das viv\u00eancias de Nh\u00e1 Lau e Tia Cust\u00f3dia, mulheres escravizadas que viveram at\u00e9 o in\u00edcio do s\u00e9culo 20.<\/p>\n\n\n\n<figure class=\"wp-block-image\"><img decoding=\"async\" src=\"https:\/\/jundiai.sp.gov.br\/noticias\/wp-content\/uploads\/sites\/32\/2023\/05\/rota_afro_pa-38-1280x854.jpg\" alt=\"\" class=\"wp-image-317281\" \/><figcaption class=\"wp-element-caption\">Participantes e artistas da Rota Afro caminham pelo Centro at\u00e9 a frente do Museu Solar do Bar\u00e3o<\/figcaption><\/figure>\n\n\n\n<p>\u201cO Departamento de Patrim\u00f4nio Hist\u00f3rico atua no desenvolvimento de a\u00e7\u00f5es educativas em rela\u00e7\u00e3o aos patrim\u00f4nios de Jundia\u00ed. A Rota Afro est\u00e1 inserida nesse contexto e tem como objetivo a manuten\u00e7\u00e3o da hist\u00f3ria, bem como a preserva\u00e7\u00e3o de lugares e da mem\u00f3ria da comunidade negra\u201d, afirma o Diretor do Departamento de Patrim\u00f4nio Hist\u00f3rico, Elizeu Marcos Franco.<\/p>\n\n\n\n<p><em>Fonte: Prefeitura de Jundia\u00ed <\/em><\/p>\n","protected":false},"excerpt":{"rendered":"<p>A proposta tamb\u00e9m foi fazer uma reflex\u00e3o sobre o fato e os reflexos dele nos dias atuais<\/p>\n","protected":false},"author":24,"featured_media":109126,"comment_status":"closed","ping_status":"0","sticky":false,"template":"","format":"standard","meta":{"footnotes":""},"categories":[2833,8356],"tags":[],"class_list":["post-109125","post","type-post","status-publish","format-standard","has-post-thumbnail","hentry","category-cultura","category-jundiai"],"_links":{"self":[{"href":"https:\/\/tvtecjundiai.com.br\/news\/wp-json\/wp\/v2\/posts\/109125","targetHints":{"allow":["GET"]}}],"collection":[{"href":"https:\/\/tvtecjundiai.com.br\/news\/wp-json\/wp\/v2\/posts"}],"about":[{"href":"https:\/\/tvtecjundiai.com.br\/news\/wp-json\/wp\/v2\/types\/post"}],"author":[{"embeddable":true,"href":"https:\/\/tvtecjundiai.com.br\/news\/wp-json\/wp\/v2\/users\/24"}],"replies":[{"embeddable":true,"href":"https:\/\/tvtecjundiai.com.br\/news\/wp-json\/wp\/v2\/comments?post=109125"}],"version-history":[{"count":1,"href":"https:\/\/tvtecjundiai.com.br\/news\/wp-json\/wp\/v2\/posts\/109125\/revisions"}],"predecessor-version":[{"id":109127,"href":"https:\/\/tvtecjundiai.com.br\/news\/wp-json\/wp\/v2\/posts\/109125\/revisions\/109127"}],"wp:featuredmedia":[{"embeddable":true,"href":"https:\/\/tvtecjundiai.com.br\/news\/wp-json\/wp\/v2\/media\/109126"}],"wp:attachment":[{"href":"https:\/\/tvtecjundiai.com.br\/news\/wp-json\/wp\/v2\/media?parent=109125"}],"wp:term":[{"taxonomy":"category","embeddable":true,"href":"https:\/\/tvtecjundiai.com.br\/news\/wp-json\/wp\/v2\/categories?post=109125"},{"taxonomy":"post_tag","embeddable":true,"href":"https:\/\/tvtecjundiai.com.br\/news\/wp-json\/wp\/v2\/tags?post=109125"}],"curies":[{"name":"wp","href":"https:\/\/api.w.org\/{rel}","templated":true}]}}