{"id":109145,"date":"2023-05-14T11:31:23","date_gmt":"2023-05-14T14:31:23","guid":{"rendered":"https:\/\/tvtecjundiai.com.br\/news\/?p=109145"},"modified":"2023-05-14T11:31:23","modified_gmt":"2023-05-14T14:31:23","slug":"vivencias-e-contato-com-a-natureza-integram-programa-de-educacao-socioambiental","status":"publish","type":"post","link":"https:\/\/tvtecjundiai.com.br\/news\/2023\/05\/14\/vivencias-e-contato-com-a-natureza-integram-programa-de-educacao-socioambiental\/","title":{"rendered":"Viv\u00eancias e contato com a natureza integram programa de Educa\u00e7\u00e3o Socioambiental"},"content":{"rendered":"\n<p>\u00c1rvores, cantos de p\u00e1ssaros, terra, felinos e muita aprendizagem: assim foi a visita dos alunos do G5 da EMEB Rotary Club (Anhangaba\u00fa), na semana passada, ao espa\u00e7o da Associa\u00e7\u00e3o Mata Ciliar, com acompanhamento dos bi\u00f3logos Raul Colagrande e Naomi Nagao durante a experi\u00eancia de aula ao ar livre e contato com a natureza.<\/p>\n\n\n\n<p>Alinhada \u00e0s propostas do programa Escola Inovadora, a viv\u00eancia faz parte do \u201cPrograma Moramos, cuidamos e preservamos\u201d, do N\u00facleo de Educa\u00e7\u00e3o Socioambiental da Unidade de Gest\u00e3o de Educa\u00e7\u00e3o (UGE), somando-se \u00e0s atividades de aprendizagem e desemparedamento j\u00e1 em pr\u00e1tica pelas unidades escolares da rede.<\/p>\n\n\n\n<p>Um dos alunos da turma, Leonardo Brito, de cinco anos, participou da viv\u00eancia com muita empolga\u00e7\u00e3o e repleto de d\u00favidas. Acompanhado da auxiliar da classe Flora Pires e da Professora Alice Santos, o pequeno, que tem defici\u00eancia visual, recebeu a descri\u00e7\u00e3o de cada recinto visitado. \u201cCome\u00e7amos pelo viveiro de mudas, depois fomos at\u00e9 os animais, os p\u00e1ssaros e eu gostei bastante do tucano. Ele tem biquinho amarelo e \u00e9 maior que os outros p\u00e1ssaros. Tamb\u00e9m estivemos com as maritacas. Essas eu j\u00e1 conhecia, tem muitas perto da minha casa e elas cantam bastante\u201d.&nbsp;<\/p>\n\n\n\n<p>Acompanhando as crian\u00e7as, a bi\u00f3loga Naomi tirou as d\u00favidas das crian\u00e7as participantes. \u201cA viv\u00eancia com as crian\u00e7as dessa faixa et\u00e1ria \u00e9 bem divertida. Elas est\u00e3o em uma fase cheia de curiosidades, ent\u00e3o durante todo o percurso n\u00f3s somos questionados sobre diversas caracter\u00edsticas dos animais apresentados\u201d, comenta a bi\u00f3loga.&nbsp;<\/p>\n\n\n<div class=\"wp-block-image\">\n<figure class=\"aligncenter size-large\"><img loading=\"lazy\" decoding=\"async\" width=\"1200\" height=\"801\" src=\"https:\/\/tvtecjundiai.com.br\/news\/wp-content\/uploads\/sites\/2\/2023\/05\/emeb_rotary-club_mata-ciliar_m_-56-2-1280x854-1-1200x801.jpg\" alt=\"\" class=\"wp-image-109146\" srcset=\"https:\/\/tvtecjundiai.com.br\/news\/wp-content\/uploads\/sites\/2\/2023\/05\/emeb_rotary-club_mata-ciliar_m_-56-2-1280x854-1-1200x801.jpg 1200w, https:\/\/tvtecjundiai.com.br\/news\/wp-content\/uploads\/sites\/2\/2023\/05\/emeb_rotary-club_mata-ciliar_m_-56-2-1280x854-1-300x200.jpg 300w, https:\/\/tvtecjundiai.com.br\/news\/wp-content\/uploads\/sites\/2\/2023\/05\/emeb_rotary-club_mata-ciliar_m_-56-2-1280x854-1-768x512.jpg 768w, https:\/\/tvtecjundiai.com.br\/news\/wp-content\/uploads\/sites\/2\/2023\/05\/emeb_rotary-club_mata-ciliar_m_-56-2-1280x854-1.jpg 1280w\" sizes=\"auto, (max-width: 1200px) 100vw, 1200px\" \/><figcaption class=\"wp-element-caption\">Crian\u00e7as do G5 recebem orienta\u00e7\u00f5es sobre os bichos que est\u00e3o sob cuidado da Mata Ciliar<\/figcaption><\/figure>\n<\/div>\n\n\n<p><strong>Moramos, cuidamos e preservamos<\/strong><br>O programa da UGE abrange todas os anos da Educa\u00e7\u00e3o Infantil II e Ensino Fundamental I, com viv\u00eancias e atividades espec\u00edficas para cada faixa et\u00e1ria. Al\u00e9m da Mata Ciliar, outros espa\u00e7os visitados s\u00e3o o Jardim Bot\u00e2nico, Centro de Gerenciamento de Res\u00edduos S\u00f3lidos (Geresol), a Funda\u00e7\u00e3o Serra do Japi, a DAE, a Unidade de Desenvolvimento Ambiental (Unidam) e o Espa\u00e7o Expressa (antigo Complexo Fepasa). Esse \u00faltimo ponto, por exemplo, \u00e9 destinado aos alunos dos quartos anos, por meio do&nbsp;<a href=\"https:\/\/jundiai.sp.gov.br\/noticias\/2023\/05\/07\/passaporte-cultural-guardioes-do-patrimonio-esta-de-volta-e-com-novidades\/\">\u201cPassaporte Cultural \u2013 Guardi\u00f5es da Patrim\u00f4nio\u201d, a\u00e7\u00e3o proposta em parceria com a Unidade de Gest\u00e3o de Cultura (UGC)<\/a>.<\/p>\n\n\n\n<p>A coordenadora do N\u00facleo de Educa\u00e7\u00e3o Socioambiental da UGE, Walkiria Plaza Nunes, explica a import\u00e2ncia do contato da crian\u00e7a, desde a Primeira Inf\u00e2ncia, com a natureza.\u00a0 \u201cEduca\u00e7\u00e3o ambiental \u00e9 um tema transversal da Educa\u00e7\u00e3o e que tem por objetivos o ensino, a aprendizagem, a pesquisa, a produ\u00e7\u00e3o de conhecimentos e a promo\u00e7\u00e3o da cultura da paz individual e coletiva, que evidenciem as rela\u00e7\u00f5es entre os seres vivos, a natureza e o universo em sua complexidade\u201d.\u00a0<\/p>\n\n\n\n<p><strong><em>(Fonte\/Imagem: Prefeitura de Jundia\u00ed)<\/em><\/strong><\/p>\n","protected":false},"excerpt":{"rendered":"<p>Crian\u00e7as do G5 recebem orienta\u00e7\u00f5es sobre os bichos que est\u00e3o sob cuidado da Mata Ciliar<\/p>\n","protected":false},"author":30,"featured_media":109146,"comment_status":"closed","ping_status":"0","sticky":false,"template":"","format":"standard","meta":{"footnotes":""},"categories":[8356,1],"tags":[],"class_list":["post-109145","post","type-post","status-publish","format-standard","has-post-thumbnail","hentry","category-jundiai","category-noticias"],"_links":{"self":[{"href":"https:\/\/tvtecjundiai.com.br\/news\/wp-json\/wp\/v2\/posts\/109145","targetHints":{"allow":["GET"]}}],"collection":[{"href":"https:\/\/tvtecjundiai.com.br\/news\/wp-json\/wp\/v2\/posts"}],"about":[{"href":"https:\/\/tvtecjundiai.com.br\/news\/wp-json\/wp\/v2\/types\/post"}],"author":[{"embeddable":true,"href":"https:\/\/tvtecjundiai.com.br\/news\/wp-json\/wp\/v2\/users\/30"}],"replies":[{"embeddable":true,"href":"https:\/\/tvtecjundiai.com.br\/news\/wp-json\/wp\/v2\/comments?post=109145"}],"version-history":[{"count":1,"href":"https:\/\/tvtecjundiai.com.br\/news\/wp-json\/wp\/v2\/posts\/109145\/revisions"}],"predecessor-version":[{"id":109147,"href":"https:\/\/tvtecjundiai.com.br\/news\/wp-json\/wp\/v2\/posts\/109145\/revisions\/109147"}],"wp:featuredmedia":[{"embeddable":true,"href":"https:\/\/tvtecjundiai.com.br\/news\/wp-json\/wp\/v2\/media\/109146"}],"wp:attachment":[{"href":"https:\/\/tvtecjundiai.com.br\/news\/wp-json\/wp\/v2\/media?parent=109145"}],"wp:term":[{"taxonomy":"category","embeddable":true,"href":"https:\/\/tvtecjundiai.com.br\/news\/wp-json\/wp\/v2\/categories?post=109145"},{"taxonomy":"post_tag","embeddable":true,"href":"https:\/\/tvtecjundiai.com.br\/news\/wp-json\/wp\/v2\/tags?post=109145"}],"curies":[{"name":"wp","href":"https:\/\/api.w.org\/{rel}","templated":true}]}}