{"id":109149,"date":"2023-05-14T12:13:32","date_gmt":"2023-05-14T15:13:32","guid":{"rendered":"https:\/\/tvtecjundiai.com.br\/news\/?p=109149"},"modified":"2023-05-14T12:13:32","modified_gmt":"2023-05-14T15:13:32","slug":"previsao-aponta-minima-de-10c-neste-domingo-14-em-jundiai","status":"publish","type":"post","link":"https:\/\/tvtecjundiai.com.br\/news\/2023\/05\/14\/previsao-aponta-minima-de-10c-neste-domingo-14-em-jundiai\/","title":{"rendered":"Previs\u00e3o aponta m\u00ednima de 10\u00b0C neste domingo (14), em Jundia\u00ed"},"content":{"rendered":"\n<p>Jundia\u00ed ter\u00e1 um dia frio hoje (14). De acordo com informa\u00e7\u00f5es do Tempo Agora, a cidade tem previs\u00e3o de temperatura m\u00ednima na casa dos 10\u00b0C. A m\u00e1xima s\u00f3 deve chegar a 23\u00b0C.<\/p>\n\n\n\n<p>A cidade come\u00e7a o dia com term\u00f4metros marcando 21\u00b0C de madrugada e 11\u00b0C na parte da manh\u00e3. Durante a tarde, a previs\u00e3o \u00e9 de 16\u00b0C, sem previs\u00e3o de chuvas ao longo do dia.<\/p>\n\n\n\n<p>O n\u00edvel de umidade relativa do ar deve alternar entre 51% e 98%. Com ventos em uma velocidade m\u00e9dia de 10 km\/h hoje, atingindo o maior \u00edndice de manh\u00e3 km\/h, com pico de 16 km\/h.<\/p>\n\n\n<div class=\"wp-block-image\">\n<figure class=\"aligncenter size-large is-resized\"><img loading=\"lazy\" decoding=\"async\" src=\"https:\/\/tvtecjundiai.com.br\/news\/wp-content\/uploads\/sites\/2\/2023\/05\/1684076923829-1200x900.jpg\" alt=\"\" class=\"wp-image-109150\" width=\"696\" height=\"522\" srcset=\"https:\/\/tvtecjundiai.com.br\/news\/wp-content\/uploads\/sites\/2\/2023\/05\/1684076923829-1200x900.jpg 1200w, https:\/\/tvtecjundiai.com.br\/news\/wp-content\/uploads\/sites\/2\/2023\/05\/1684076923829-300x225.jpg 300w, https:\/\/tvtecjundiai.com.br\/news\/wp-content\/uploads\/sites\/2\/2023\/05\/1684076923829-768x576.jpg 768w, https:\/\/tvtecjundiai.com.br\/news\/wp-content\/uploads\/sites\/2\/2023\/05\/1684076923829.jpg 1280w\" sizes=\"auto, (max-width: 696px) 100vw, 696px\" \/><\/figure>\n<\/div>\n\n\n<p><\/p>\n\n\n\n<p><strong>Temperaturas esperadas para a pr\u00f3xima semana em Jundia\u00ed:<\/strong><\/p>\n\n\n\n<p>Segunda (15): 10\u00b0C a 24\u00b0C <\/p>\n\n\n\n<p>Ter\u00e7a (16): 11\u00b0C a 24\u00b0C <\/p>\n\n\n\n<p>Quarta (17): 12\u00b0C a 25\u00b0C <\/p>\n\n\n\n<p>Quinta (18): 13\u00b0C a 26\u00b0C <\/p>\n\n\n\n<p>Sexta (19): 10\u00b0C a 25\u00b0C <\/p>\n\n\n\n<p>S\u00e1bado (20): 12\u00b0C a 25\u00b0C <\/p>\n\n\n\n<p>Domingo (21): 13\u00b0C a 26\u00b0C <\/p>\n\n\n\n<p>A previs\u00e3o do tempo \u00e9 baseada em dados colhidos por meteorologistas. Ela pode sofrer varia\u00e7\u00f5es ao longo do dia que fujam dos modelos previstos.<\/p>\n\n\n\n<p><strong><em>(Fonte \/Imagem: UOL Not\u00edcias\/ Juliano Justino)<\/em><\/strong><\/p>\n","protected":false},"excerpt":{"rendered":"<p>De acordo com informa\u00e7\u00f5es do Tempo Agora, a cidade tem previs\u00e3o de temperatura m\u00ednima na casa dos 10\u00b0C.<\/p>\n","protected":false},"author":30,"featured_media":109150,"comment_status":"closed","ping_status":"0","sticky":false,"template":"","format":"standard","meta":{"footnotes":""},"categories":[8356,1],"tags":[],"class_list":["post-109149","post","type-post","status-publish","format-standard","has-post-thumbnail","hentry","category-jundiai","category-noticias"],"_links":{"self":[{"href":"https:\/\/tvtecjundiai.com.br\/news\/wp-json\/wp\/v2\/posts\/109149","targetHints":{"allow":["GET"]}}],"collection":[{"href":"https:\/\/tvtecjundiai.com.br\/news\/wp-json\/wp\/v2\/posts"}],"about":[{"href":"https:\/\/tvtecjundiai.com.br\/news\/wp-json\/wp\/v2\/types\/post"}],"author":[{"embeddable":true,"href":"https:\/\/tvtecjundiai.com.br\/news\/wp-json\/wp\/v2\/users\/30"}],"replies":[{"embeddable":true,"href":"https:\/\/tvtecjundiai.com.br\/news\/wp-json\/wp\/v2\/comments?post=109149"}],"version-history":[{"count":1,"href":"https:\/\/tvtecjundiai.com.br\/news\/wp-json\/wp\/v2\/posts\/109149\/revisions"}],"predecessor-version":[{"id":109151,"href":"https:\/\/tvtecjundiai.com.br\/news\/wp-json\/wp\/v2\/posts\/109149\/revisions\/109151"}],"wp:featuredmedia":[{"embeddable":true,"href":"https:\/\/tvtecjundiai.com.br\/news\/wp-json\/wp\/v2\/media\/109150"}],"wp:attachment":[{"href":"https:\/\/tvtecjundiai.com.br\/news\/wp-json\/wp\/v2\/media?parent=109149"}],"wp:term":[{"taxonomy":"category","embeddable":true,"href":"https:\/\/tvtecjundiai.com.br\/news\/wp-json\/wp\/v2\/categories?post=109149"},{"taxonomy":"post_tag","embeddable":true,"href":"https:\/\/tvtecjundiai.com.br\/news\/wp-json\/wp\/v2\/tags?post=109149"}],"curies":[{"name":"wp","href":"https:\/\/api.w.org\/{rel}","templated":true}]}}