{"id":109155,"date":"2023-05-14T17:40:27","date_gmt":"2023-05-14T20:40:27","guid":{"rendered":"https:\/\/tvtecjundiai.com.br\/news\/?p=109155"},"modified":"2023-05-14T17:40:28","modified_gmt":"2023-05-14T20:40:28","slug":"ministerio-da-saude-amplia-vacinacao-contra-a-gripe-para-toda-a-populacao-acima-de-6-meses","status":"publish","type":"post","link":"https:\/\/tvtecjundiai.com.br\/news\/2023\/05\/14\/ministerio-da-saude-amplia-vacinacao-contra-a-gripe-para-toda-a-populacao-acima-de-6-meses\/","title":{"rendered":"Minist\u00e9rio da Sa\u00fade amplia vacina\u00e7\u00e3o contra a gripe para toda a popula\u00e7\u00e3o acima de 6 meses"},"content":{"rendered":"\n<p>O Minist\u00e9rio da Sa\u00fade anunciou, nesta sexta-feira (12), a amplia\u00e7\u00e3o da oferta da\u00a0vacina contra a gripe\u00a0para toda a popula\u00e7\u00e3o acima de seis meses de idade.<\/p>\n\n\n\n<p>A partir da pr\u00f3xima segunda-feira (15), a imuniza\u00e7\u00e3o contra o v\u00edrus&nbsp;<a href=\"https:\/\/www.cnnbrasil.com.br\/tudo-sobre\/influenza\">influenza<\/a>&nbsp;passa a ser recomendada de maneira ampla, para al\u00e9m dos grupos considerados priorit\u00e1rios. A disponibiliza\u00e7\u00e3o das doses depende de planejamento a ser estabelecido por estados e munic\u00edpios.<\/p>\n\n\n\n<p>De acordo com o minist\u00e9rio, a medida tem por objetivo reduzir a incid\u00eancia da doen\u00e7a respirat\u00f3ria, que pode levar a quadros graves, interna\u00e7\u00f5es e mortes. Al\u00e9m disso, segundo a pasta, a&nbsp;orienta\u00e7\u00e3o atende a pedido de estados e munic\u00edpios, que podem usar as vacinas em estoque e adotar estrat\u00e9gias locais para operacionalizar a imuniza\u00e7\u00e3o, atendendo \u00e0s realidades de cada regi\u00e3o.<\/p>\n\n\n\n<p>A vacina \u00e9 disponibilizada gratuitamente pelo\u00a0Sistema \u00danico de Sa\u00fade\u00a0(SUS). A campanha nacional de vacina\u00e7\u00e3o contra a gripe teve in\u00edcio no dia 10 de abril. At\u00e9 o momento, aproximadamente 21 milh\u00f5es de pessoas receberam a vacina contra a Influenza, o que representa cerca de 30% do grupo priorit\u00e1rio. A meta \u00e9 vacinar, pelo menos, 90% de cada um dos grupos priorit\u00e1rios.<\/p>\n\n\n\n<p>Os imunizantes utilizados no SUS s\u00e3o trivalentes, produzidos pelo\u00a0Instituto Butantan\u00a0e distribu\u00eddos para toda a rede p\u00fablica de sa\u00fade.<\/p>\n\n\n<div class=\"wp-block-image\">\n<figure class=\"aligncenter size-full\"><img loading=\"lazy\" decoding=\"async\" width=\"1170\" height=\"700\" src=\"https:\/\/tvtecjundiai.com.br\/news\/wp-content\/uploads\/sites\/2\/2023\/05\/dsc1326.jpg\" alt=\"\" class=\"wp-image-109156\" srcset=\"https:\/\/tvtecjundiai.com.br\/news\/wp-content\/uploads\/sites\/2\/2023\/05\/dsc1326.jpg 1170w, https:\/\/tvtecjundiai.com.br\/news\/wp-content\/uploads\/sites\/2\/2023\/05\/dsc1326-300x179.jpg 300w, https:\/\/tvtecjundiai.com.br\/news\/wp-content\/uploads\/sites\/2\/2023\/05\/dsc1326-768x459.jpg 768w\" sizes=\"auto, (max-width: 1170px) 100vw, 1170px\" \/><figcaption class=\"wp-element-caption\">A partir da pr\u00f3xima segunda-feira (15), a imuniza\u00e7\u00e3o contra o v\u00edrus influenza no Brasil passa a ser recomendada de maneira ampla, para al\u00e9m dos grupos considerados priorit\u00e1rios<\/figcaption><\/figure>\n<\/div>\n\n\n<h2 class=\"wp-block-heading\">Por que vacinar todo ano?<\/h2>\n\n\n\n<p>A composi\u00e7\u00e3o da vacina muda a cada ano, de acordo com as cepas do v\u00edrus que mais circulam no momento, informadas nas orienta\u00e7\u00f5es da Organiza\u00e7\u00e3o Mundial da Sa\u00fade (OMS). Como o v\u00edrus influenza sofre constantes muta\u00e7\u00f5es, \u00e9\u00a0importante tomar a vacina atualizada todos os anos\u00a0para manter a prote\u00e7\u00e3o.<\/p>\n\n\n\n<p>Para 2023, em conformidade com a orienta\u00e7\u00e3o da OMS, o imunizante ser\u00e1 composto pelas cepas: Influenza A\/Sydney\/5\/2021 (H1N1) pdm09; Influenza A\/Darwin\/9\/2021 (H3N2); e Influenza B\/\u00c1ustria\/1359417\/2021 (linhagem B\/Victoria).<\/p>\n\n\n\n<p>A vacina contra o v\u00edrus influenza n\u00e3o \u00e9 capaz de provocar gripe, ao contr\u00e1rio dos boatos que circulam nas redes sociais todos os anos. As doses s\u00e3o compostas por v\u00edrus inativados, portanto, n\u00e3o podem induzir o desenvolvimento da doen\u00e7a. Entre os poss\u00edveis efeitos da vacina est\u00e3o uma sensa\u00e7\u00e3o de dor no corpo ou eventual febre baixa, que tendem a desaparecer em poucos dias.<\/p>\n\n\n\n<p>O minist\u00e9rio destaca que as vacinas t\u00eam um perfil de seguran\u00e7a excelente e, geralmente, s\u00e3o bem toleradas. Manifesta\u00e7\u00f5es, como dor no local da inje\u00e7\u00e3o, s\u00e3o comuns e ocorrem em 15% a 20% dos pacientes, sendo benignas e geralmente resolvidas em 48 horas.<\/p>\n\n\n\n<p><em><strong>(Fonte\/Imagem: CNN Brasil)<\/strong><\/em><\/p>\n","protected":false},"excerpt":{"rendered":"<p>A partir da pr\u00f3xima segunda-feira (15), a imuniza\u00e7\u00e3o contra o v\u00edrus influenza no Brasil passa a ser recomendada de maneira ampla<\/p>\n","protected":false},"author":30,"featured_media":109156,"comment_status":"closed","ping_status":"0","sticky":false,"template":"","format":"standard","meta":{"footnotes":""},"categories":[8356,1,2839,8355],"tags":[],"class_list":["post-109155","post","type-post","status-publish","format-standard","has-post-thumbnail","hentry","category-jundiai","category-noticias","category-saude","category-saude-3"],"_links":{"self":[{"href":"https:\/\/tvtecjundiai.com.br\/news\/wp-json\/wp\/v2\/posts\/109155","targetHints":{"allow":["GET"]}}],"collection":[{"href":"https:\/\/tvtecjundiai.com.br\/news\/wp-json\/wp\/v2\/posts"}],"about":[{"href":"https:\/\/tvtecjundiai.com.br\/news\/wp-json\/wp\/v2\/types\/post"}],"author":[{"embeddable":true,"href":"https:\/\/tvtecjundiai.com.br\/news\/wp-json\/wp\/v2\/users\/30"}],"replies":[{"embeddable":true,"href":"https:\/\/tvtecjundiai.com.br\/news\/wp-json\/wp\/v2\/comments?post=109155"}],"version-history":[{"count":1,"href":"https:\/\/tvtecjundiai.com.br\/news\/wp-json\/wp\/v2\/posts\/109155\/revisions"}],"predecessor-version":[{"id":109157,"href":"https:\/\/tvtecjundiai.com.br\/news\/wp-json\/wp\/v2\/posts\/109155\/revisions\/109157"}],"wp:featuredmedia":[{"embeddable":true,"href":"https:\/\/tvtecjundiai.com.br\/news\/wp-json\/wp\/v2\/media\/109156"}],"wp:attachment":[{"href":"https:\/\/tvtecjundiai.com.br\/news\/wp-json\/wp\/v2\/media?parent=109155"}],"wp:term":[{"taxonomy":"category","embeddable":true,"href":"https:\/\/tvtecjundiai.com.br\/news\/wp-json\/wp\/v2\/categories?post=109155"},{"taxonomy":"post_tag","embeddable":true,"href":"https:\/\/tvtecjundiai.com.br\/news\/wp-json\/wp\/v2\/tags?post=109155"}],"curies":[{"name":"wp","href":"https:\/\/api.w.org\/{rel}","templated":true}]}}