{"id":109162,"date":"2023-05-15T10:14:24","date_gmt":"2023-05-15T13:14:24","guid":{"rendered":"https:\/\/tvtecjundiai.com.br\/news\/?p=109162"},"modified":"2023-05-15T10:14:24","modified_gmt":"2023-05-15T13:14:24","slug":"termina-as-15h-desta-segunda-15-o-prazo-para-se-inscrever-no-vestibulinho-das-etecs-de-jundiai","status":"publish","type":"post","link":"https:\/\/tvtecjundiai.com.br\/news\/2023\/05\/15\/termina-as-15h-desta-segunda-15-o-prazo-para-se-inscrever-no-vestibulinho-das-etecs-de-jundiai\/","title":{"rendered":"Termina \u00e0s 15h desta segunda (15) o prazo para se inscrever no Vestibulinho das Etecs de Jundia\u00ed"},"content":{"rendered":"\n<p>O per\u00edodo de inscri\u00e7\u00e3o para o processo seletivo das Escolas T\u00e9cnicas Estaduais (Etecs) para o segundo semestre de 2023 termina \u00e0s 15h desta segunda-feira (15).<\/p>\n\n\n\n<p>Em Jundia\u00ed, os interessados nos cursos da Etec Benedito Storani (Etec BeSt) e da Etec Vasco Ant\u00f4nio Venchiarutti (Etecvav) podem acessar mais informa\u00e7\u00f5es e se inscrever pelo site:&nbsp;<a href=\"https:\/\/www.vestibulinhoetec.com.br\/home\/\">https:\/\/www.vestibulinhoetec.com.br\/home\/<\/a>.<\/p>\n\n\n\n<p>A prova est\u00e1 marcada para o dia 4 de junho, \u00e0s 13h30, e o valor da taxa de inscri\u00e7\u00e3o \u00e9 de R$ 33. Os locais de prova ser\u00e3o divulgados no dia 31 de maio, a partir das 15h.<\/p>\n\n\n<div class=\"wp-block-image\">\n<figure class=\"aligncenter size-large is-resized\"><img loading=\"lazy\" decoding=\"async\" src=\"https:\/\/tvtecjundiai.com.br\/news\/wp-content\/uploads\/sites\/2\/2023\/05\/Etec_vestibulinho_incricoes_ultimas-horas_fotog-Roberto-Sungi-scaled-1-1200x799.jpg\" alt=\"\" class=\"wp-image-109163\" width=\"690\" height=\"459\" srcset=\"https:\/\/tvtecjundiai.com.br\/news\/wp-content\/uploads\/sites\/2\/2023\/05\/Etec_vestibulinho_incricoes_ultimas-horas_fotog-Roberto-Sungi-scaled-1-1200x799.jpg 1200w, https:\/\/tvtecjundiai.com.br\/news\/wp-content\/uploads\/sites\/2\/2023\/05\/Etec_vestibulinho_incricoes_ultimas-horas_fotog-Roberto-Sungi-scaled-1-300x200.jpg 300w, https:\/\/tvtecjundiai.com.br\/news\/wp-content\/uploads\/sites\/2\/2023\/05\/Etec_vestibulinho_incricoes_ultimas-horas_fotog-Roberto-Sungi-scaled-1-768x511.jpg 768w, https:\/\/tvtecjundiai.com.br\/news\/wp-content\/uploads\/sites\/2\/2023\/05\/Etec_vestibulinho_incricoes_ultimas-horas_fotog-Roberto-Sungi-scaled-1.jpg 1280w\" sizes=\"auto, (max-width: 690px) 100vw, 690px\" \/><figcaption class=\"wp-element-caption\">Foto: Roberto Sungi<\/figcaption><\/figure>\n<\/div>\n\n\n<p><\/p>\n\n\n\n<p><em><strong>(Fonte: TVTEC Jundia\u00ed\/Imagem: Roberto Sungi)<\/strong><\/em><\/p>\n","protected":false},"excerpt":{"rendered":"<p>A prova est\u00e1 marcada para o dia 4 de junho, \u00e0s 13h30, e o valor da taxa de inscri\u00e7\u00e3o \u00e9 de R$ 33<\/p>\n","protected":false},"author":30,"featured_media":109163,"comment_status":"closed","ping_status":"0","sticky":false,"template":"","format":"standard","meta":{"footnotes":""},"categories":[2828,8356,1],"tags":[],"class_list":["post-109162","post","type-post","status-publish","format-standard","has-post-thumbnail","hentry","category-educacao","category-jundiai","category-noticias"],"_links":{"self":[{"href":"https:\/\/tvtecjundiai.com.br\/news\/wp-json\/wp\/v2\/posts\/109162","targetHints":{"allow":["GET"]}}],"collection":[{"href":"https:\/\/tvtecjundiai.com.br\/news\/wp-json\/wp\/v2\/posts"}],"about":[{"href":"https:\/\/tvtecjundiai.com.br\/news\/wp-json\/wp\/v2\/types\/post"}],"author":[{"embeddable":true,"href":"https:\/\/tvtecjundiai.com.br\/news\/wp-json\/wp\/v2\/users\/30"}],"replies":[{"embeddable":true,"href":"https:\/\/tvtecjundiai.com.br\/news\/wp-json\/wp\/v2\/comments?post=109162"}],"version-history":[{"count":1,"href":"https:\/\/tvtecjundiai.com.br\/news\/wp-json\/wp\/v2\/posts\/109162\/revisions"}],"predecessor-version":[{"id":109164,"href":"https:\/\/tvtecjundiai.com.br\/news\/wp-json\/wp\/v2\/posts\/109162\/revisions\/109164"}],"wp:featuredmedia":[{"embeddable":true,"href":"https:\/\/tvtecjundiai.com.br\/news\/wp-json\/wp\/v2\/media\/109163"}],"wp:attachment":[{"href":"https:\/\/tvtecjundiai.com.br\/news\/wp-json\/wp\/v2\/media?parent=109162"}],"wp:term":[{"taxonomy":"category","embeddable":true,"href":"https:\/\/tvtecjundiai.com.br\/news\/wp-json\/wp\/v2\/categories?post=109162"},{"taxonomy":"post_tag","embeddable":true,"href":"https:\/\/tvtecjundiai.com.br\/news\/wp-json\/wp\/v2\/tags?post=109162"}],"curies":[{"name":"wp","href":"https:\/\/api.w.org\/{rel}","templated":true}]}}