{"id":109165,"date":"2023-05-15T10:22:36","date_gmt":"2023-05-15T13:22:36","guid":{"rendered":"https:\/\/tvtecjundiai.com.br\/news\/?p=109165"},"modified":"2023-05-15T10:47:25","modified_gmt":"2023-05-15T13:47:25","slug":"no-funss-parcerias-com-espro-e-senac-trazem-dois-novos-cursos","status":"publish","type":"post","link":"https:\/\/tvtecjundiai.com.br\/news\/2023\/05\/15\/no-funss-parcerias-com-espro-e-senac-trazem-dois-novos-cursos\/","title":{"rendered":"No Fundo Social, parcerias com Espro e Senac trazem dois novos cursos"},"content":{"rendered":"\n<p>Ter\u00e7a-feira (16), \u00e0s 9h, ser\u00e1 aberta a pr\u00e9-inscri\u00e7\u00e3o para duas novas capacita\u00e7\u00f5es gratuitas oferecidas pelo Fundo Social de Solidariedade de Jundia\u00ed (Funss). A primeira delas ser\u00e1 o Workshop Festa Junina na Caixa, em parceria com o Ensino Social Profissionalizante (Espro). Para participar \u00e9 preciso ter 16 anos, o Ensino Fundamental completo e ser morador de Jundia\u00ed. Saiba mais, abaixo:<\/p>\n\n\n<div class=\"wp-block-image\">\n<figure class=\"aligncenter size-large is-resized\"><img loading=\"lazy\" decoding=\"async\" src=\"https:\/\/tvtecjundiai.com.br\/news\/wp-content\/uploads\/sites\/2\/2023\/05\/funss_logistica-1200x801.jpg\" alt=\"\" class=\"wp-image-109167\" width=\"726\" height=\"484\" srcset=\"https:\/\/tvtecjundiai.com.br\/news\/wp-content\/uploads\/sites\/2\/2023\/05\/funss_logistica-1200x801.jpg 1200w, https:\/\/tvtecjundiai.com.br\/news\/wp-content\/uploads\/sites\/2\/2023\/05\/funss_logistica-300x200.jpg 300w, https:\/\/tvtecjundiai.com.br\/news\/wp-content\/uploads\/sites\/2\/2023\/05\/funss_logistica-768x512.jpg 768w, https:\/\/tvtecjundiai.com.br\/news\/wp-content\/uploads\/sites\/2\/2023\/05\/funss_logistica.jpg 1280w\" sizes=\"auto, (max-width: 726px) 100vw, 726px\" \/><\/figure>\n<\/div>\n\n\n<p><\/p>\n\n\n\n<p><strong>Workshop Festa Junina na Caixa<\/strong><\/p>\n\n\n\n<p>Parceiro: ESPRO<\/p>\n\n\n\n<p>Idade m\u00ednima: 16 anos<\/p>\n\n\n\n<p>Vagas: 20<\/p>\n\n\n\n<p>Datas: 29\/05\/2023<\/p>\n\n\n\n<p>Aula de 2\u00aa feira<\/p>\n\n\n\n<p>1 aula<\/p>\n\n\n\n<p>Hor\u00e1rio: 13h \u00e0s 17h<\/p>\n\n\n\n<p>Local: Fundo Social de Solidariedade \u2013 Av. Dona Manoela Lacerda de Vergueiro, s\/n \u2013 Port\u00e3o 3 \u2013 Anexo ao Parque da Uva \u2013 Bairro Anhangaba\u00fa<\/p>\n\n\n\n<p><strong>Link para inscri\u00e7\u00e3o:&nbsp;<\/strong><a href=\"https:\/\/forms.gle\/1z4N1JMfDBzbYJDp9\" target=\"_blank\" rel=\"noreferrer noopener\"><strong>https:\/\/forms.gle\/1z4N1JMfDBzbYJDp9<\/strong><\/a><\/p>\n\n\n\n<p>J\u00e1 o segundo curso disponibilizado pelo Fundo Social \u00e9 Assistente de Log\u00edstica e por ser uma parceria com o Senac Jundia\u00ed possui pr\u00e9-requisitos espec\u00edficos: Ensino Fundamental completo, a idade m\u00ednima de 16 anos e a renda per capita de dois sal\u00e1rios m\u00ednimos (R$ 2.604), por membro da fam\u00edlia, uma vez que o aluno ser\u00e1 integrante do programa de bolsa de estudo da institui\u00e7\u00e3o educacional.<\/p>\n\n\n\n<p><strong>Para saber sua renda per capita:<\/strong><strong><\/strong><\/p>\n\n\n\n<p>\u2013 Some todos os sal\u00e1rios, considerando todas as pessoas que moram com voc\u00ea, sendo uma renda formal ou n\u00e3o;<\/p>\n\n\n\n<p>\u2013 Divida o resultado pelo total de residentes (inclusive beb\u00eas, crian\u00e7as, idosos e pessoas sem renda);<\/p>\n\n\n\n<p>\u2013 Esse resultado deve ser igual ou menor que R$ 2.604,00.<\/p>\n\n\n\n<p><strong>Curso de Assistente de Log\u00edstica<\/strong><\/p>\n\n\n\n<p>Parceiro: Senac Jundia\u00ed<\/p>\n\n\n\n<p>Idade m\u00ednima: 16 anos<\/p>\n\n\n\n<p>Vagas: 35<\/p>\n\n\n\n<p>Carga hor\u00e1ria: 160 horas<\/p>\n\n\n\n<p>In\u00edcio: 21\/06\/2023<\/p>\n\n\n\n<p>T\u00e9rmino: 06\/09\/2023<\/p>\n\n\n\n<p>Aulas de 2\u00aa, 3\u00aa, 4\u00aa, 5\u00aa e 6\u00aa feira<\/p>\n\n\n\n<p>Hor\u00e1rio: 19h \u00e0s 22h<\/p>\n\n\n\n<p>Local:&nbsp;Local: Fundo Social de Solidariedade \u2013 Av. Dona Manoela Lacerda de Vergueiro, s\/n \u2013 Port\u00e3o 3 \u2013 Anexo ao Parque da Uva \u2013 Bairro Anhangaba\u00fa<\/p>\n\n\n\n<p><strong>Link de inscri\u00e7\u00e3o:&nbsp;<\/strong><a href=\"https:\/\/forms.office.com\/r\/3FNe6aKyrT\" target=\"_blank\" rel=\"noreferrer noopener\"><strong>https:\/\/forms.office.com\/r\/3FNe6aKyrT<\/strong><\/a><\/p>\n\n\n\n<p><strong>Pr\u00e9-inscri\u00e7\u00e3o e lista de contemplados<\/strong><\/p>\n\n\n\n<p>Para o Workshop Festa Junina na Caixa a pr\u00e9-inscri\u00e7\u00e3o ser\u00e1 feita pelo Google Forms e para o Curso de Assistente de Log\u00edstica atrav\u00e9s do Microsoft Forms. O envio dos formul\u00e1rios \u00e9 considerado como inten\u00e7\u00e3o de participa\u00e7\u00e3o e, por isso, n\u00e3o garante a vaga no curso. O crit\u00e9rio de sele\u00e7\u00e3o e forma\u00e7\u00e3o das turmas \u00e9 a ordem de envio destas informa\u00e7\u00f5es, que considera hora, minuto e segundo.<\/p>\n\n\n\n<p>Os nomes dos selecionados ser\u00e3o divulgados no site da Prefeitura de Jundia\u00ed e os contemplados receber\u00e3o uma mensagem de WhatsApp para confirma\u00e7\u00e3o da matr\u00edcula. Se o contemplado n\u00e3o responder \u00e0 mensagem em 24horas, ter\u00e1 sua pr\u00e9-inscri\u00e7\u00e3o cancelada. As fichas n\u00e3o contempladas est\u00e3o, automaticamente, na lista de espera e poder\u00e3o ser convocadas somente em caso de desist\u00eancia at\u00e9 o segundo dia do curso.<\/p>\n\n\n\n<p>Ambas as turmas ter\u00e3o aulas na sede do Fundo Social, cujo endere\u00e7o \u00e9 o Parque da Uva. O acesso \u00e9 pela avenida Dona Manoela Lacerda de Vergueiro, s\/n, port\u00e3o 03, bairro Anhangaba\u00fa. O funcionamento da unidade \u00e9 de segunda a sexta-feira, das 8h \u00e0s 17h, exceto feriados. Informa\u00e7\u00f5es pelos telefones (11) 4589-6319 e 4589-6320.<\/p>\n\n\n\n<p><strong><em>(Fonte\/Imagem: Prefeitura de Jundia\u00ed)<\/em><\/strong><\/p>\n","protected":false},"excerpt":{"rendered":"<p>Para participar \u00e9 preciso ter 16 anos, Ensino Fundamental completo e morar em Jundia\u00ed<\/p>\n","protected":false},"author":30,"featured_media":109167,"comment_status":"closed","ping_status":"0","sticky":false,"template":"","format":"standard","meta":{"footnotes":""},"categories":[29,2828,8356,1],"tags":[],"class_list":["post-109165","post","type-post","status-publish","format-standard","has-post-thumbnail","hentry","category-destaque","category-educacao","category-jundiai","category-noticias"],"_links":{"self":[{"href":"https:\/\/tvtecjundiai.com.br\/news\/wp-json\/wp\/v2\/posts\/109165","targetHints":{"allow":["GET"]}}],"collection":[{"href":"https:\/\/tvtecjundiai.com.br\/news\/wp-json\/wp\/v2\/posts"}],"about":[{"href":"https:\/\/tvtecjundiai.com.br\/news\/wp-json\/wp\/v2\/types\/post"}],"author":[{"embeddable":true,"href":"https:\/\/tvtecjundiai.com.br\/news\/wp-json\/wp\/v2\/users\/30"}],"replies":[{"embeddable":true,"href":"https:\/\/tvtecjundiai.com.br\/news\/wp-json\/wp\/v2\/comments?post=109165"}],"version-history":[{"count":4,"href":"https:\/\/tvtecjundiai.com.br\/news\/wp-json\/wp\/v2\/posts\/109165\/revisions"}],"predecessor-version":[{"id":109180,"href":"https:\/\/tvtecjundiai.com.br\/news\/wp-json\/wp\/v2\/posts\/109165\/revisions\/109180"}],"wp:featuredmedia":[{"embeddable":true,"href":"https:\/\/tvtecjundiai.com.br\/news\/wp-json\/wp\/v2\/media\/109167"}],"wp:attachment":[{"href":"https:\/\/tvtecjundiai.com.br\/news\/wp-json\/wp\/v2\/media?parent=109165"}],"wp:term":[{"taxonomy":"category","embeddable":true,"href":"https:\/\/tvtecjundiai.com.br\/news\/wp-json\/wp\/v2\/categories?post=109165"},{"taxonomy":"post_tag","embeddable":true,"href":"https:\/\/tvtecjundiai.com.br\/news\/wp-json\/wp\/v2\/tags?post=109165"}],"curies":[{"name":"wp","href":"https:\/\/api.w.org\/{rel}","templated":true}]}}