{"id":109174,"date":"2023-05-15T10:44:30","date_gmt":"2023-05-15T13:44:30","guid":{"rendered":"https:\/\/tvtecjundiai.com.br\/news\/?p=109174"},"modified":"2023-05-15T10:44:32","modified_gmt":"2023-05-15T13:44:32","slug":"semana-em-jundiai-sera-de-sol-mas-com-minima-de-11c","status":"publish","type":"post","link":"https:\/\/tvtecjundiai.com.br\/news\/2023\/05\/15\/semana-em-jundiai-sera-de-sol-mas-com-minima-de-11c\/","title":{"rendered":"Semana em Jundia\u00ed ser\u00e1 de sol, mas com m\u00ednima de 11\u00b0C"},"content":{"rendered":"\n<p>Ap\u00f3s a queda de temperatura registrada no fim de semana, a previs\u00e3o \u00e9 de que os pr\u00f3ximos dias continuem mais frios em Jundia\u00ed, sem pancadas de chuva. Segundo o Climatempo, a temperatura deve ficar entre 11\u00b0C e 25\u00b0C at\u00e9 sexta-feira (19).<\/p>\n\n\n\n<p>Nesta segunda-feira (15), o dia deve ser de sol, sem pancadas chuva. Os term\u00f4metros marcam entre 11\u00b0C e 24\u00b0C.<\/p>\n\n\n<div class=\"wp-block-image\">\n<figure class=\"aligncenter size-full is-resized\"><img loading=\"lazy\" decoding=\"async\" src=\"https:\/\/tvtecjundiai.com.br\/news\/wp-content\/uploads\/sites\/2\/2023\/05\/jundiai-sol-768x476-1.jpeg\" alt=\"\" class=\"wp-image-109176\" width=\"670\" height=\"415\" srcset=\"https:\/\/tvtecjundiai.com.br\/news\/wp-content\/uploads\/sites\/2\/2023\/05\/jundiai-sol-768x476-1.jpeg 768w, https:\/\/tvtecjundiai.com.br\/news\/wp-content\/uploads\/sites\/2\/2023\/05\/jundiai-sol-768x476-1-300x186.jpeg 300w\" sizes=\"auto, (max-width: 670px) 100vw, 670px\" \/><figcaption class=\"wp-element-caption\">Foto: Mauro Utida<\/figcaption><\/figure>\n<\/div>\n\n\n<p><\/p>\n\n\n\n<p><strong>Confira a previs\u00e3o detalhada, de acordo com o Climatempo<\/strong><\/p>\n\n\n\n<p><strong>Ter\u00e7a-feira (16):<\/strong>\u00a0Dia de sol, sem previs\u00e3o de chuva. Os term\u00f4metros continuam entre 11\u00b0C e 24\u00b0C.<\/p>\n\n\n\n<p><strong>Quarta-feira (17):<\/strong>\u00a0Dia de sol com algumas nuvens e n\u00e9voa ao amanhecer, mas sem previs\u00e3o de chuva. Os term\u00f4metros devem ficar entre 12\u00b0C e 24\u00b0C.<\/p>\n\n\n\n<p><strong>Quinta-feira (18):<\/strong>\u00a0Sol e algumas nuvens durante o dia, sem pancadas de chuva. A temperatura deve ficar entre 12\u00b0C e 25\u00b0C.<\/p>\n\n\n\n<p><strong>Sexta-feira (19):<\/strong>\u00a0A previs\u00e3o \u00e9 de que o dia seja de sol com algumas nuvens, sem chuva. Os term\u00f4metros devem marcar entre 11\u00b0C e 25\u00b0C.<\/p>\n\n\n\n<p><em><strong>(Fonte: TVTEC Jundia\u00ed\/Imagem: Mauro Utida)<\/strong><\/em><\/p>\n","protected":false},"excerpt":{"rendered":"<p>N\u00e3o est\u00e3o previstas pancadas de chuva para os pr\u00f3ximos dias<\/p>\n","protected":false},"author":30,"featured_media":109176,"comment_status":"closed","ping_status":"0","sticky":false,"template":"","format":"standard","meta":{"footnotes":""},"categories":[3185,29,8356,1],"tags":[],"class_list":["post-109174","post","type-post","status-publish","format-standard","has-post-thumbnail","hentry","category-clima","category-destaque","category-jundiai","category-noticias"],"_links":{"self":[{"href":"https:\/\/tvtecjundiai.com.br\/news\/wp-json\/wp\/v2\/posts\/109174","targetHints":{"allow":["GET"]}}],"collection":[{"href":"https:\/\/tvtecjundiai.com.br\/news\/wp-json\/wp\/v2\/posts"}],"about":[{"href":"https:\/\/tvtecjundiai.com.br\/news\/wp-json\/wp\/v2\/types\/post"}],"author":[{"embeddable":true,"href":"https:\/\/tvtecjundiai.com.br\/news\/wp-json\/wp\/v2\/users\/30"}],"replies":[{"embeddable":true,"href":"https:\/\/tvtecjundiai.com.br\/news\/wp-json\/wp\/v2\/comments?post=109174"}],"version-history":[{"count":1,"href":"https:\/\/tvtecjundiai.com.br\/news\/wp-json\/wp\/v2\/posts\/109174\/revisions"}],"predecessor-version":[{"id":109177,"href":"https:\/\/tvtecjundiai.com.br\/news\/wp-json\/wp\/v2\/posts\/109174\/revisions\/109177"}],"wp:featuredmedia":[{"embeddable":true,"href":"https:\/\/tvtecjundiai.com.br\/news\/wp-json\/wp\/v2\/media\/109176"}],"wp:attachment":[{"href":"https:\/\/tvtecjundiai.com.br\/news\/wp-json\/wp\/v2\/media?parent=109174"}],"wp:term":[{"taxonomy":"category","embeddable":true,"href":"https:\/\/tvtecjundiai.com.br\/news\/wp-json\/wp\/v2\/categories?post=109174"},{"taxonomy":"post_tag","embeddable":true,"href":"https:\/\/tvtecjundiai.com.br\/news\/wp-json\/wp\/v2\/tags?post=109174"}],"curies":[{"name":"wp","href":"https:\/\/api.w.org\/{rel}","templated":true}]}}