{"id":109188,"date":"2023-05-15T13:36:45","date_gmt":"2023-05-15T16:36:45","guid":{"rendered":"https:\/\/tvtecjundiai.com.br\/news\/?p=109188"},"modified":"2023-05-15T13:52:35","modified_gmt":"2023-05-15T16:52:35","slug":"funss-esta-com-vagas-para-modelos-de-unhas-e-sobrancelhas","status":"publish","type":"post","link":"https:\/\/tvtecjundiai.com.br\/news\/2023\/05\/15\/funss-esta-com-vagas-para-modelos-de-unhas-e-sobrancelhas\/","title":{"rendered":"Fundo Social est\u00e1 com vagas para modelos de unhas e sobrancelhas"},"content":{"rendered":"\n<p>O Fundo Social de Solidariedade de Jundia\u00ed (Funss) disponibilizar\u00e1 vagas para pessoas interessadas em atuar como modelos de unhas e de sobrancelhas. A iniciativa faz parte das aulas pr\u00e1ticas dos cursos de Manicure e Pedicure, bem como de Designer de Sobrancelhas, servindo como treinamento \u00e0s alunas j\u00e1 matriculadas nas duas capacita\u00e7\u00f5es. Para participar \u00e9 necess\u00e1rio entrar em contato com o Fundo Social pelo telefone para agendar e reservar.<\/p>\n\n\n\n<p>A cada data, ser\u00e3o disponibilizadas somente 10 vagas para Manicure e Pedicure e 12 vagas para Designer de Sobrancelhas. Confira abaixo o cronograma de atendimentos gratuitos:<\/p>\n\n\n<div class=\"wp-block-image\">\n<figure class=\"aligncenter size-large is-resized\"><img loading=\"lazy\" decoding=\"async\" src=\"https:\/\/tvtecjundiai.com.br\/news\/wp-content\/uploads\/sites\/2\/2023\/05\/designer-de-sobrancelhas-8-1200x801.jpg\" alt=\"\" class=\"wp-image-109189\" width=\"686\" height=\"457\" srcset=\"https:\/\/tvtecjundiai.com.br\/news\/wp-content\/uploads\/sites\/2\/2023\/05\/designer-de-sobrancelhas-8-1200x801.jpg 1200w, https:\/\/tvtecjundiai.com.br\/news\/wp-content\/uploads\/sites\/2\/2023\/05\/designer-de-sobrancelhas-8-300x200.jpg 300w, https:\/\/tvtecjundiai.com.br\/news\/wp-content\/uploads\/sites\/2\/2023\/05\/designer-de-sobrancelhas-8-768x512.jpg 768w, https:\/\/tvtecjundiai.com.br\/news\/wp-content\/uploads\/sites\/2\/2023\/05\/designer-de-sobrancelhas-8.jpg 1280w\" sizes=\"auto, (max-width: 686px) 100vw, 686px\" \/><\/figure>\n<\/div>\n\n\n<p><\/p>\n\n\n\n<p><strong>Manicure e Pedicure:&nbsp;<\/strong><\/p>\n\n\n\n<p>10 vagas de modelo por dia<\/p>\n\n\n\n<p>Datas: 16, 17, 22, 23, 24, 29 e 30\/05<\/p>\n\n\n\n<p>Hor\u00e1rio: 08h \u00e0s 12h<\/p>\n\n\n\n<p><strong>Designer de Sobrancelhas:&nbsp;<\/strong><\/p>\n\n\n\n<p>12 vagas de modelo por dia<\/p>\n\n\n\n<p>Datas: 17, 22, 24 e 29\/05<\/p>\n\n\n\n<p>Hor\u00e1rio: 08h \u00e0s 12h<\/p>\n\n\n\n<p>O endere\u00e7o do Fundo Social \u00e9 o Parque da Uva. O acesso \u00e9 pela avenida Dona Manoela Lacerda de Vergueiro, s\/n, port\u00e3o 03, bairro Anhangaba\u00fa. O funcionamento da unidade \u00e9 de segunda a sexta-feira, das 8h \u00e0s 17h, exceto feriados. Informa\u00e7\u00f5es pelos telefones (11) 4589-6319 e 4589-6320.<\/p>\n\n\n\n<p><strong><em>(Fonte\/Imagem: Prefeitura de Jundia\u00ed)<\/em><\/strong><\/p>\n","protected":false},"excerpt":{"rendered":"<p>A cada data ser\u00e3o disponibilizadas somente 10 vagas para Manicure e Pedicure e 12 vagas para Designer de Sobrancelhas<\/p>\n","protected":false},"author":30,"featured_media":109189,"comment_status":"closed","ping_status":"0","sticky":false,"template":"","format":"standard","meta":{"footnotes":""},"categories":[8356,1],"tags":[],"class_list":["post-109188","post","type-post","status-publish","format-standard","has-post-thumbnail","hentry","category-jundiai","category-noticias"],"_links":{"self":[{"href":"https:\/\/tvtecjundiai.com.br\/news\/wp-json\/wp\/v2\/posts\/109188","targetHints":{"allow":["GET"]}}],"collection":[{"href":"https:\/\/tvtecjundiai.com.br\/news\/wp-json\/wp\/v2\/posts"}],"about":[{"href":"https:\/\/tvtecjundiai.com.br\/news\/wp-json\/wp\/v2\/types\/post"}],"author":[{"embeddable":true,"href":"https:\/\/tvtecjundiai.com.br\/news\/wp-json\/wp\/v2\/users\/30"}],"replies":[{"embeddable":true,"href":"https:\/\/tvtecjundiai.com.br\/news\/wp-json\/wp\/v2\/comments?post=109188"}],"version-history":[{"count":3,"href":"https:\/\/tvtecjundiai.com.br\/news\/wp-json\/wp\/v2\/posts\/109188\/revisions"}],"predecessor-version":[{"id":109192,"href":"https:\/\/tvtecjundiai.com.br\/news\/wp-json\/wp\/v2\/posts\/109188\/revisions\/109192"}],"wp:featuredmedia":[{"embeddable":true,"href":"https:\/\/tvtecjundiai.com.br\/news\/wp-json\/wp\/v2\/media\/109189"}],"wp:attachment":[{"href":"https:\/\/tvtecjundiai.com.br\/news\/wp-json\/wp\/v2\/media?parent=109188"}],"wp:term":[{"taxonomy":"category","embeddable":true,"href":"https:\/\/tvtecjundiai.com.br\/news\/wp-json\/wp\/v2\/categories?post=109188"},{"taxonomy":"post_tag","embeddable":true,"href":"https:\/\/tvtecjundiai.com.br\/news\/wp-json\/wp\/v2\/tags?post=109188"}],"curies":[{"name":"wp","href":"https:\/\/api.w.org\/{rel}","templated":true}]}}