{"id":109193,"date":"2023-05-15T14:57:15","date_gmt":"2023-05-15T17:57:15","guid":{"rendered":"https:\/\/tvtecjundiai.com.br\/news\/?p=109193"},"modified":"2023-05-15T14:57:16","modified_gmt":"2023-05-15T17:57:16","slug":"ccr-autoban-esta-com-vagas-de-emprego-abertas-em-jundiai","status":"publish","type":"post","link":"https:\/\/tvtecjundiai.com.br\/news\/2023\/05\/15\/ccr-autoban-esta-com-vagas-de-emprego-abertas-em-jundiai\/","title":{"rendered":"CCR AutoBAn est\u00e1 com vagas de emprego abertas em Jundia\u00ed"},"content":{"rendered":"\n<p>A CCR AutoBAn, concession\u00e1ria que administra o Sistema Anhanguera-Bandeirantes, est\u00e1 com vagas de trabalho abertas em Jundia\u00ed. As oportunidades s\u00e3o para agente econ\u00f4mico financeiro I, estagi\u00e1rio de administra\u00e7\u00e3o e agente de atendimento de arrecada\u00e7\u00e3o de ped\u00e1gio (vaga afirmativa para pessoas com defici\u00eancia &#8211; PCD).<\/p>\n\n\n\n<p>Para cadastrar o curr\u00edculo, \u00e9 necess\u00e1rio acessar a \u00e1rea \u201cTrabalhe Conosco\u201d, no site&nbsp;<a href=\"http:\/\/www.autoban.com.br.\/\">www.autoban.com.br.<\/a>&nbsp;Ao clicar no link, o interessado \u00e9 redirecionado para a plataforma de sele\u00e7\u00e3o de pessoas. \u00c9 importante que o candidato preencha todas as informa\u00e7\u00f5es solicitadas, principalmente os contatos pessoais. <\/p>\n\n\n<div class=\"wp-block-image\">\n<figure class=\"aligncenter size-full\"><img loading=\"lazy\" decoding=\"async\" width=\"663\" height=\"396\" src=\"https:\/\/tvtecjundiai.com.br\/news\/wp-content\/uploads\/sites\/2\/2023\/05\/vaga-ccr.jpg\" alt=\"\" class=\"wp-image-109194\" srcset=\"https:\/\/tvtecjundiai.com.br\/news\/wp-content\/uploads\/sites\/2\/2023\/05\/vaga-ccr.jpg 663w, https:\/\/tvtecjundiai.com.br\/news\/wp-content\/uploads\/sites\/2\/2023\/05\/vaga-ccr-300x179.jpg 300w\" sizes=\"auto, (max-width: 663px) 100vw, 663px\" \/><\/figure>\n<\/div>\n\n\n<p><\/p>\n\n\n\n<p><strong>Vagas &#8211; CCR AutoBAn<\/strong><\/p>\n\n\n\n<p><strong>Agente econ\u00f4mico financeiro I<\/strong><\/p>\n\n\n\n<p><em>Requisitos:<\/em> Cursando ensino superior em Ci\u00eancias Cont\u00e1beis, Administra\u00e7\u00e3o ou Economia; Ingl\u00eas e Espanhol n\u00edvel b\u00e1sico; Conhecimento em inform\u00e1tica, pacote Office;<\/p>\n\n\n\n<p><strong>Estagi\u00e1rio de administra\u00e7\u00e3o<\/strong><\/p>\n\n\n\n<p><em>Requisitos:<\/em> Conhecimento do Pacote Office: Word, Excel, Power Point, Outlook; Cursando Ensino Superior em Administra\u00e7\u00e3o ou Ci\u00eancias Cont\u00e1beis (necess\u00e1rio previs\u00e3o de t\u00e9rmino at\u00e9 06\/2025).<\/p>\n\n\n\n<p><strong>Agente de atendimento de arrecada\u00e7\u00e3o de ped\u00e1gio (vaga afirmativa para pessoas com defici\u00eancia &#8211; PCD)<\/strong><\/p>\n\n\n\n<p><em>Requisitos:<\/em> Ensino fundamental completo; Residir em Jundia\u00ed ou V\u00e1rzea Paulista; Disponibilidade para realizar turnos de 12 horas (das 6h \u00e0s 18h ou das 18h \u00e0s 6h)<\/p>\n\n\n\n<p><strong><em>(Fonte: TVTEC Jundia\u00ed\/Imagem: Divulga\u00e7\u00e3o\/CCR AutoBAn)<\/em><\/strong><\/p>\n","protected":false},"excerpt":{"rendered":"<p>Para cadastrar o curr\u00edculo, \u00e9 necess\u00e1rio acessar o site da empresa<\/p>\n","protected":false},"author":30,"featured_media":109194,"comment_status":"closed","ping_status":"0","sticky":false,"template":"","format":"standard","meta":{"footnotes":""},"categories":[5038,8363,8356,1],"tags":[],"class_list":["post-109193","post","type-post","status-publish","format-standard","has-post-thumbnail","hentry","category-emprego","category-emprego-2","category-jundiai","category-noticias"],"_links":{"self":[{"href":"https:\/\/tvtecjundiai.com.br\/news\/wp-json\/wp\/v2\/posts\/109193","targetHints":{"allow":["GET"]}}],"collection":[{"href":"https:\/\/tvtecjundiai.com.br\/news\/wp-json\/wp\/v2\/posts"}],"about":[{"href":"https:\/\/tvtecjundiai.com.br\/news\/wp-json\/wp\/v2\/types\/post"}],"author":[{"embeddable":true,"href":"https:\/\/tvtecjundiai.com.br\/news\/wp-json\/wp\/v2\/users\/30"}],"replies":[{"embeddable":true,"href":"https:\/\/tvtecjundiai.com.br\/news\/wp-json\/wp\/v2\/comments?post=109193"}],"version-history":[{"count":1,"href":"https:\/\/tvtecjundiai.com.br\/news\/wp-json\/wp\/v2\/posts\/109193\/revisions"}],"predecessor-version":[{"id":109195,"href":"https:\/\/tvtecjundiai.com.br\/news\/wp-json\/wp\/v2\/posts\/109193\/revisions\/109195"}],"wp:featuredmedia":[{"embeddable":true,"href":"https:\/\/tvtecjundiai.com.br\/news\/wp-json\/wp\/v2\/media\/109194"}],"wp:attachment":[{"href":"https:\/\/tvtecjundiai.com.br\/news\/wp-json\/wp\/v2\/media?parent=109193"}],"wp:term":[{"taxonomy":"category","embeddable":true,"href":"https:\/\/tvtecjundiai.com.br\/news\/wp-json\/wp\/v2\/categories?post=109193"},{"taxonomy":"post_tag","embeddable":true,"href":"https:\/\/tvtecjundiai.com.br\/news\/wp-json\/wp\/v2\/tags?post=109193"}],"curies":[{"name":"wp","href":"https:\/\/api.w.org\/{rel}","templated":true}]}}