{"id":109200,"date":"2023-05-15T17:48:29","date_gmt":"2023-05-15T20:48:29","guid":{"rendered":"https:\/\/tvtecjundiai.com.br\/news\/?p=109200"},"modified":"2023-05-15T17:48:31","modified_gmt":"2023-05-15T20:48:31","slug":"obras-do-centro-de-especialidades-e-pa-progresso-avancam-em-ritmo-acelerado","status":"publish","type":"post","link":"https:\/\/tvtecjundiai.com.br\/news\/2023\/05\/15\/obras-do-centro-de-especialidades-e-pa-progresso-avancam-em-ritmo-acelerado\/","title":{"rendered":"Obras do Centro de Especialidades e PA Progresso avan\u00e7am em ritmo acelerado"},"content":{"rendered":"\n<p>O avan\u00e7o das obras do Centro de Especialidades e Pronto Atendimento Progresso foi vistoriado nesta segunda-feira (15) pelo prefeito Luiz Fernando Machado. Cerca de R$ 14,2 milh\u00f5es s\u00e3o investidos na recupera\u00e7\u00e3o e adapta\u00e7\u00e3o da edifica\u00e7\u00e3o do equipamento, que ser\u00e1 um diferencial de Jundia\u00ed, com a oferta de 35 especialidades m\u00e9dicas.<\/p>\n\n\n\n<p>\u201c\u00c9 importante verificarmos que a obra tem um bom quantitativo de pessoal, al\u00e9m de j\u00e1 contar, de maneira antecipada, com o processo de contrata\u00e7\u00e3o de fornecedores. O cronograma contratual aponta o primeiro trimestre como horizonte de entrega, para iniciar as demais contrata\u00e7\u00f5es para o funcionamento do servi\u00e7o. Esse equipamento complementa o sistema de sa\u00fade proposto para Jundia\u00ed, e ter\u00e1 atendimento resolutivo e de qualidade\u201d, comentou o prefeito Luiz Fernando.<\/p>\n\n\n\n<p>O pr\u00e9dio contar\u00e1 com tr\u00eas pavimentos, totalizando 2,4 mil metros quadrados. No t\u00e9rreo, ser\u00e3o ofertados assist\u00eancia de urg\u00eancia em cl\u00ednica m\u00e9dica e pediatria, procedimentos, exames e observa\u00e7\u00e3o. Nos dois andares superiores funcionar\u00e1 o Centro de Especialidades M\u00e9dicas e Diagn\u00f3sticos, com 34 consult\u00f3rios e salas para exames, terapias, procedimentos e pequenas cirurgias. Ao todo, 70 homens atuam na constru\u00e7\u00e3o do equipamento. Em junho, a equipe somar\u00e1 95 pessoas.<\/p>\n\n\n\n<figure class=\"wp-block-image\"><img decoding=\"async\" src=\"https:\/\/jundiai.sp.gov.br\/noticias\/wp-content\/uploads\/sites\/32\/2023\/05\/prefeito_luiz_fernando_vistoria_obras_centro_de_especialidades_vila_progresso_pa-75-1280x854.jpg\" alt=\"\" class=\"wp-image-317318\" \/><figcaption class=\"wp-element-caption\">Moradores acompanharam o prefeito durante a vistoria. Coelho ficou surpreso com a estrutura<\/figcaption><\/figure>\n\n\n\n<p>\u201cEm 2017, pegamos todas as obras das UPAs paralisadas. Com planejamento e organiza\u00e7\u00e3o financeira, estamos entregando oito novos equipamentos, ao inv\u00e9s de quatro, tirando os projetos do papel. Readequamos o projeto do pronto atendimento Progresso, ampliando a caracter\u00edstica do equipamento, incluindo um Centro de Especialidades \u2013 uma esp\u00e9cie de AME municipal, o que vai beneficiar a cidade como um todo, para atender \u00e0s prioridades da popula\u00e7\u00e3o na sa\u00fade\u201d, ressaltou o gestor de Governo e Finan\u00e7as, Jos\u00e9 Antonio Parimoschi.<\/p>\n\n\n\n<p>Morador do bairro h\u00e1 15 anos, o empres\u00e1rio Marcelo Coelho falou sobre sua surpresa ao ver os detalhes da edifica\u00e7\u00e3o. \u201cDesde o come\u00e7o, estou de olho. Moro na Samuel Martins e sempre que passo aqui, dou uma parada para ver como est\u00e1. Nunca havia entrado, e confesso que estou maravilhado com o andamento e com a magnitude desse pr\u00e9dio\u201d, frisou.<\/p>\n\n\n\n<figure class=\"wp-block-image\"><img decoding=\"async\" src=\"https:\/\/jundiai.sp.gov.br\/noticias\/wp-content\/uploads\/sites\/32\/2023\/05\/prefeito_luiz_fernando_vistoria_obras_centro_de_especialidades_vila_progresso_pa-4-1-1280x854.jpg\" alt=\"\" class=\"wp-image-317320\" \/><figcaption class=\"wp-element-caption\">Ser\u00e3o tr\u00eas pavimentos. Exames e cirurgias tamb\u00e9m ser\u00e3o realizadas no Centro de Especialidades<\/figcaption><\/figure>\n\n\n\n<p><strong>Quatro estruturas<\/strong><br>Al\u00e9m do equipamento na Vila Progresso, a Prefeitura segue com a constru\u00e7\u00e3o da Cl\u00ednica da Fam\u00edlia e PA da Ponte S\u00e3o Jo\u00e3o, com aporte de aproximadamente R$ 13 milh\u00f5es.<\/p>\n\n\n\n<p>\u201cCom os dois novos equipamentos em constru\u00e7\u00e3o, nas regi\u00f5es Sul e Leste, e os entregues \u2013 Cl\u00ednica da Fam\u00edlia e UPA Novo Horizonte e da Cl\u00ednica da Fam\u00edlia e PA Hortol\u00e2ndia -, passaremos a ter grandes estruturas de atendimento, ampliando a oferta de servi\u00e7os e as a\u00e7\u00f5es com vistas \u00e0 promo\u00e7\u00e3o da sa\u00fade da popula\u00e7\u00e3o\u201d, enfatizou o gestor de Promo\u00e7\u00e3o da Sa\u00fade, Tiago Texera.<\/p>\n\n\n\n<p>A obra do Centro de Especialidades e PA Progresso, que receber\u00e1 o nome da moradora do bairro L\u00facia Kachan, tem previs\u00e3o de ser conclu\u00edda em julho de 2024.<\/p>\n\n\n\n<p>A vistoria foi acompanhada pelo vice-prefeito Gustavo Martinelli; pelo gestor de Inova\u00e7\u00e3o e Rela\u00e7\u00e3o com o Cidad\u00e3o, Thiago Maia; pelo presidente da C\u00e2mara Municipal, Antonio Carlos Albino; pelos vereadores Adilson Roberto Pereira Junior (Juninho), C\u00edcero Camargo da Silva (C\u00edcero da Sa\u00fade), Edicarlos Vieira, Jos\u00e9 Ant\u00f4nio Kachan J\u00fanior (Coisa Linda), e Qu\u00e9zia Doane de Lucca; e pelo ex-vereador Jos\u00e9 Antonio Kachan.<\/p>\n\n\n\n<p><strong>Mais obras<\/strong><br>Na regi\u00e3o Sul, tamb\u00e9m seguem em andamento as obras do Centro Integrado de Emerg\u00eancia e Seguran\u00e7a, na avenida Quartorze de Dezembro, onde ficar\u00e3o as sedes da Guarda Municipal, da Defesa Civil, do Servi\u00e7o de Atendimento M\u00f3vel de Urg\u00eancia (SAMU) e do Servi\u00e7o de Atendimento a Pacientes Especiais e Cr\u00f4nicos (SAEC), al\u00e9m das obras de infraestrutura vi\u00e1ria no Complexo Samuel Martins, totalizando investimentos que ultrapassam os R$ 60 milh\u00f5es.<\/p>\n\n\n\n<p>As duas obras \u2013 Centro de Especialidades e PA e Complexo de Seguran\u00e7a e Urg\u00eancia e Emerg\u00eancia podem ser acompanhadas, em tempo real, atrav\u00e9s do link\u00a0<a href=\"https:\/\/observatorio.jundiai.sp.gov.br\/index.php\">\u201cObservat\u00f3rio Jundia\u00ed<\/a>\u201d \u2013 que est\u00e1 na p\u00e1gina da Prefeitura \u2013 em entregas, nas abas Sa\u00fade e Qualidade de Vida e Seguran\u00e7a e Prote\u00e7\u00e3o ao Cidad\u00e3o.<\/p>\n\n\n\n<p><\/p>\n\n\n\n<p>Fonte \/ Imagem: Prefeitura de Jundia\u00ed <\/p>\n","protected":false},"excerpt":{"rendered":"<p>Exames e cirurgias tamb\u00e9m ser\u00e3o realizadas no Centro de Especialidades<\/p>\n","protected":false},"author":24,"featured_media":109201,"comment_status":"closed","ping_status":"0","sticky":false,"template":"","format":"standard","meta":{"footnotes":""},"categories":[1],"tags":[],"class_list":["post-109200","post","type-post","status-publish","format-standard","has-post-thumbnail","hentry","category-noticias"],"_links":{"self":[{"href":"https:\/\/tvtecjundiai.com.br\/news\/wp-json\/wp\/v2\/posts\/109200","targetHints":{"allow":["GET"]}}],"collection":[{"href":"https:\/\/tvtecjundiai.com.br\/news\/wp-json\/wp\/v2\/posts"}],"about":[{"href":"https:\/\/tvtecjundiai.com.br\/news\/wp-json\/wp\/v2\/types\/post"}],"author":[{"embeddable":true,"href":"https:\/\/tvtecjundiai.com.br\/news\/wp-json\/wp\/v2\/users\/24"}],"replies":[{"embeddable":true,"href":"https:\/\/tvtecjundiai.com.br\/news\/wp-json\/wp\/v2\/comments?post=109200"}],"version-history":[{"count":1,"href":"https:\/\/tvtecjundiai.com.br\/news\/wp-json\/wp\/v2\/posts\/109200\/revisions"}],"predecessor-version":[{"id":109202,"href":"https:\/\/tvtecjundiai.com.br\/news\/wp-json\/wp\/v2\/posts\/109200\/revisions\/109202"}],"wp:featuredmedia":[{"embeddable":true,"href":"https:\/\/tvtecjundiai.com.br\/news\/wp-json\/wp\/v2\/media\/109201"}],"wp:attachment":[{"href":"https:\/\/tvtecjundiai.com.br\/news\/wp-json\/wp\/v2\/media?parent=109200"}],"wp:term":[{"taxonomy":"category","embeddable":true,"href":"https:\/\/tvtecjundiai.com.br\/news\/wp-json\/wp\/v2\/categories?post=109200"},{"taxonomy":"post_tag","embeddable":true,"href":"https:\/\/tvtecjundiai.com.br\/news\/wp-json\/wp\/v2\/tags?post=109200"}],"curies":[{"name":"wp","href":"https:\/\/api.w.org\/{rel}","templated":true}]}}