{"id":109203,"date":"2023-05-16T09:32:38","date_gmt":"2023-05-16T12:32:38","guid":{"rendered":"https:\/\/tvtecjundiai.com.br\/news\/?p=109203"},"modified":"2023-05-16T09:32:40","modified_gmt":"2023-05-16T12:32:40","slug":"aplicacao-da-vacina-contra-gripe-para-populacao-acima-de-6-meses-comeca-nesta-quarta-17","status":"publish","type":"post","link":"https:\/\/tvtecjundiai.com.br\/news\/2023\/05\/16\/aplicacao-da-vacina-contra-gripe-para-populacao-acima-de-6-meses-comeca-nesta-quarta-17\/","title":{"rendered":"Aplica\u00e7\u00e3o da vacina contra gripe para popula\u00e7\u00e3o acima de 6 meses come\u00e7a nesta quarta (17)"},"content":{"rendered":"\n<p>A Prefeitura de Jundia\u00ed amplia nesta quarta-feira (17) a vacina\u00e7\u00e3o contra Influenza para toda a popula\u00e7\u00e3o a partir dos seis meses de idade. A aplica\u00e7\u00e3o ocorrer\u00e1 em todas as Unidades B\u00e1sicas de Sa\u00fade (UBSs), Novas UBSs e Cl\u00ednicas da Fam\u00edlia no per\u00edodo da manh\u00e3.<\/p>\n\n\n\n<p>Anualmente, a vacina contra gripe \u00e9 atualizada para que a dose seja efetiva na prote\u00e7\u00e3o contra as cepas do v\u00edrus que circulam no ano anterior. Neste ano, o Minist\u00e9rio da Sa\u00fade novamente refor\u00e7ou que o imunizante pode ser aplicado junto a qualquer vacina do Programa Nacional de Imuniza\u00e7\u00f5es e tamb\u00e9m com as doses contra a COVID-19.<\/p>\n\n\n<div class=\"wp-block-image\">\n<figure class=\"aligncenter size-large\"><img loading=\"lazy\" decoding=\"async\" width=\"1200\" height=\"800\" src=\"https:\/\/tvtecjundiai.com.br\/news\/wp-content\/uploads\/sites\/2\/2023\/05\/vacinacao_covid_influenza_parque_da_uva-21-1200x800.jpg\" alt=\"\" class=\"wp-image-109207\" srcset=\"https:\/\/tvtecjundiai.com.br\/news\/wp-content\/uploads\/sites\/2\/2023\/05\/vacinacao_covid_influenza_parque_da_uva-21-1200x800.jpg 1200w, https:\/\/tvtecjundiai.com.br\/news\/wp-content\/uploads\/sites\/2\/2023\/05\/vacinacao_covid_influenza_parque_da_uva-21-300x200.jpg 300w, https:\/\/tvtecjundiai.com.br\/news\/wp-content\/uploads\/sites\/2\/2023\/05\/vacinacao_covid_influenza_parque_da_uva-21-768x512.jpg 768w, https:\/\/tvtecjundiai.com.br\/news\/wp-content\/uploads\/sites\/2\/2023\/05\/vacinacao_covid_influenza_parque_da_uva-21.jpg 1280w\" sizes=\"auto, (max-width: 1200px) 100vw, 1200px\" \/><\/figure>\n<\/div>\n\n\n<p><\/p>\n\n\n\n<p>A coordenadora da Vigil\u00e2ncia Epidemiol\u00f3gica (VE), Maria do Carmo Possidente, refor\u00e7a a import\u00e2ncia da dose, principalmente para os grupos priorit\u00e1rios. \u201cA Influenza \u00e9 uma doen\u00e7a que pode se agravar, podendo levar \u00e0 interna\u00e7\u00e3o e ao \u00f3bito. As pessoas mais vulner\u00e1veis, como os idosos, as gestantes, as pu\u00e9rperas, as crian\u00e7as de 6 meses a menores de 6 anos, e os portadores de doen\u00e7as cr\u00f4nicas, precisam buscar a dose. A cobertura na cidade ainda \u00e9 baixa, apesar da campanha ter sido iniciada para essa popula\u00e7\u00e3o em abril\u201d, alerta.<\/p>\n\n\n\n<p>\u00daltimo balan\u00e7o aponta que, em Jundia\u00ed, a vacina contra Influenza foi aplicada em 45.037 pessoas (em torno de 27% das cerca de 165 mil at\u00e9 ent\u00e3o habilitadas). Dessas, 29.461 possuem mais de 60 anos (o que equivale a 38,23% da popula\u00e7\u00e3o estimada nesta faixa et\u00e1ria), 2.928 s\u00e3o trabalhadores da sa\u00fade (25,62%), 2.235 crian\u00e7as (9,83%), 610 gestantes (14,70%), 75 pu\u00e9rperas (11%) e 1.134 professores (17,85%).<\/p>\n\n\n\n<p><strong>COVID-19 e rotina<\/strong><\/p>\n\n\n\n<p>No per\u00edodo da tarde, os equipamentos de sa\u00fade prosseguem com a aplica\u00e7\u00e3o das vacinas contra COVID-19 e das doses previstas no Calend\u00e1rio Nacional de Imuniza\u00e7\u00e3o do Minist\u00e9rio da Sa\u00fade para crian\u00e7as, adolescentes e adultos.<\/p>\n\n\n\n<p>Em Jundia\u00ed, a Pfizer bivalente est\u00e1 dispon\u00edvel para todas as pessoas a partir de 18 anos, desde que tenham recebido, no m\u00ednimo, duas doses da vacina monovalente (Janssen, Pfizer, CoronaVac ou Astrazeneca), sendo a \u00faltima dose h\u00e1, pelo menos, quatro meses.<\/p>\n\n\n\n<p><em><strong>(Fonte\/Imagem: Prefeitura de Jundia\u00ed)<\/strong><\/em><\/p>\n","protected":false},"excerpt":{"rendered":"<p>A dose ser\u00e1 aplicada em todas as UBSs, Novas UBSs e Cl\u00ednicas da Fam\u00edlia no per\u00edodo da manh\u00e3<\/p>\n","protected":false},"author":30,"featured_media":109207,"comment_status":"closed","ping_status":"0","sticky":false,"template":"","format":"standard","meta":{"footnotes":""},"categories":[8356,1,2839,8355],"tags":[],"class_list":["post-109203","post","type-post","status-publish","format-standard","has-post-thumbnail","hentry","category-jundiai","category-noticias","category-saude","category-saude-3"],"_links":{"self":[{"href":"https:\/\/tvtecjundiai.com.br\/news\/wp-json\/wp\/v2\/posts\/109203","targetHints":{"allow":["GET"]}}],"collection":[{"href":"https:\/\/tvtecjundiai.com.br\/news\/wp-json\/wp\/v2\/posts"}],"about":[{"href":"https:\/\/tvtecjundiai.com.br\/news\/wp-json\/wp\/v2\/types\/post"}],"author":[{"embeddable":true,"href":"https:\/\/tvtecjundiai.com.br\/news\/wp-json\/wp\/v2\/users\/30"}],"replies":[{"embeddable":true,"href":"https:\/\/tvtecjundiai.com.br\/news\/wp-json\/wp\/v2\/comments?post=109203"}],"version-history":[{"count":1,"href":"https:\/\/tvtecjundiai.com.br\/news\/wp-json\/wp\/v2\/posts\/109203\/revisions"}],"predecessor-version":[{"id":109209,"href":"https:\/\/tvtecjundiai.com.br\/news\/wp-json\/wp\/v2\/posts\/109203\/revisions\/109209"}],"wp:featuredmedia":[{"embeddable":true,"href":"https:\/\/tvtecjundiai.com.br\/news\/wp-json\/wp\/v2\/media\/109207"}],"wp:attachment":[{"href":"https:\/\/tvtecjundiai.com.br\/news\/wp-json\/wp\/v2\/media?parent=109203"}],"wp:term":[{"taxonomy":"category","embeddable":true,"href":"https:\/\/tvtecjundiai.com.br\/news\/wp-json\/wp\/v2\/categories?post=109203"},{"taxonomy":"post_tag","embeddable":true,"href":"https:\/\/tvtecjundiai.com.br\/news\/wp-json\/wp\/v2\/tags?post=109203"}],"curies":[{"name":"wp","href":"https:\/\/api.w.org\/{rel}","templated":true}]}}