{"id":109205,"date":"2023-05-16T09:31:08","date_gmt":"2023-05-16T12:31:08","guid":{"rendered":"https:\/\/tvtecjundiai.com.br\/news\/?p=109205"},"modified":"2023-05-16T09:31:09","modified_gmt":"2023-05-16T12:31:09","slug":"secretario-de-mobilidade-de-franco-da-rocha-conhece-projeto-do-jardim-do-transito","status":"publish","type":"post","link":"https:\/\/tvtecjundiai.com.br\/news\/2023\/05\/16\/secretario-de-mobilidade-de-franco-da-rocha-conhece-projeto-do-jardim-do-transito\/","title":{"rendered":"Secret\u00e1rio de Mobilidade de Franco da Rocha conhece projeto do Jardim do Tr\u00e2nsito"},"content":{"rendered":"\n<p>As a\u00e7\u00f5es de Educa\u00e7\u00e3o para o Tr\u00e2nsito de Jundia\u00ed ser\u00e3o refer\u00eancias para a implanta\u00e7\u00e3o de programas educativos em Franco da Rocha. Para conhecer o projeto do Jardim do Tr\u00e2nsito, que est\u00e1 na etapa final de constru\u00e7\u00e3o no Mundo das Crian\u00e7as, o secret\u00e1rio de Transporte, Tr\u00e2nsito e Mobilidade Urbana de Franco da Rocha, \u00c9lvis de Souza, esteve na segunda-feira (08) em Jundia\u00ed, onde foi recebido pelo gestor de Mobilidade e Transporte, Aloysio Queiroz.&nbsp;<\/p>\n\n\n\n<p>\u201cJundia\u00ed conta com a\u00e7\u00f5es bem-sucedidas nessa quest\u00e3o de educar e conscientizar sobre a import\u00e2ncia do tr\u00e2nsito seguro, para diminuir os casos de mortes. Em Franco da Rocha, estamos desenvolvendo um cronograma de atividades e tamb\u00e9m j\u00e1 temos um espa\u00e7o para implanta\u00e7\u00e3o de uma cidade mirim, para ensinar as crian\u00e7as sobre os cuidados no tr\u00e2nsito, por isso, vim conhecer o Jardim do Tr\u00e2nsito\u201d, explica \u00c9lvis de Souza.<\/p>\n\n\n<div class=\"wp-block-image\">\n<figure class=\"aligncenter size-large\"><img loading=\"lazy\" decoding=\"async\" width=\"1200\" height=\"900\" src=\"https:\/\/tvtecjundiai.com.br\/news\/wp-content\/uploads\/sites\/2\/2023\/05\/visita-secretario-elvis-franco-da-rocha-1280x960-1-1200x900.jpg\" alt=\"\" class=\"wp-image-109206\" srcset=\"https:\/\/tvtecjundiai.com.br\/news\/wp-content\/uploads\/sites\/2\/2023\/05\/visita-secretario-elvis-franco-da-rocha-1280x960-1-1200x900.jpg 1200w, https:\/\/tvtecjundiai.com.br\/news\/wp-content\/uploads\/sites\/2\/2023\/05\/visita-secretario-elvis-franco-da-rocha-1280x960-1-300x225.jpg 300w, https:\/\/tvtecjundiai.com.br\/news\/wp-content\/uploads\/sites\/2\/2023\/05\/visita-secretario-elvis-franco-da-rocha-1280x960-1-768x576.jpg 768w, https:\/\/tvtecjundiai.com.br\/news\/wp-content\/uploads\/sites\/2\/2023\/05\/visita-secretario-elvis-franco-da-rocha-1280x960-1.jpg 1280w\" sizes=\"auto, (max-width: 1200px) 100vw, 1200px\" \/><figcaption class=\"wp-element-caption\">Jardim do Tr\u00e2nsito ampliar\u00e1 a din\u00e2mica em a\u00e7\u00f5es em Educa\u00e7\u00e3o para o Tr\u00e2nsito destinadas a crian\u00e7as<\/figcaption><\/figure>\n<\/div>\n\n\n<p>Aloysio Queiroz comenta que essas intera\u00e7\u00f5es entre os munic\u00edpios s\u00e3o importantes para a troca de informa\u00e7\u00f5es, ideias, estudos e experi\u00eancias. \u201cConseguimos identificar situa\u00e7\u00f5es parecidas e, assim, tamb\u00e9m entender o que deu certo em um munic\u00edpio para trazer para a nossa atua\u00e7\u00e3o, sempre priorizando melhorias e mais seguran\u00e7a no tr\u00e2nsito.\u201d<\/p>\n\n\n\n<p><strong>Jardim do Tr\u00e2nsito<\/strong>\u00a0\u2013 Com 97% das obras executadas, o projeto ser\u00e1 importante para fortalecer as a\u00e7\u00f5es em Educa\u00e7\u00e3o para o Tr\u00e2nsito \u00e0s crian\u00e7as por se tratar de um espa\u00e7o l\u00fadico para construir um cen\u00e1rio futuro melhor de respeito e harmonia no tr\u00e2nsito.<\/p>\n\n\n\n<p><strong><em>(Fonte\/Imagem: Prefeitura de Jundia\u00ed)<\/em><\/strong><\/p>\n","protected":false},"excerpt":{"rendered":"<p>Jardim do Tr\u00e2nsito ampliar\u00e1 a din\u00e2mica em a\u00e7\u00f5es em Educa\u00e7\u00e3o para o Tr\u00e2nsito destinadas a crian\u00e7as<\/p>\n","protected":false},"author":30,"featured_media":109206,"comment_status":"closed","ping_status":"0","sticky":false,"template":"","format":"standard","meta":{"footnotes":""},"categories":[8356,1,6151],"tags":[],"class_list":["post-109205","post","type-post","status-publish","format-standard","has-post-thumbnail","hentry","category-jundiai","category-noticias","category-transito"],"_links":{"self":[{"href":"https:\/\/tvtecjundiai.com.br\/news\/wp-json\/wp\/v2\/posts\/109205","targetHints":{"allow":["GET"]}}],"collection":[{"href":"https:\/\/tvtecjundiai.com.br\/news\/wp-json\/wp\/v2\/posts"}],"about":[{"href":"https:\/\/tvtecjundiai.com.br\/news\/wp-json\/wp\/v2\/types\/post"}],"author":[{"embeddable":true,"href":"https:\/\/tvtecjundiai.com.br\/news\/wp-json\/wp\/v2\/users\/30"}],"replies":[{"embeddable":true,"href":"https:\/\/tvtecjundiai.com.br\/news\/wp-json\/wp\/v2\/comments?post=109205"}],"version-history":[{"count":1,"href":"https:\/\/tvtecjundiai.com.br\/news\/wp-json\/wp\/v2\/posts\/109205\/revisions"}],"predecessor-version":[{"id":109208,"href":"https:\/\/tvtecjundiai.com.br\/news\/wp-json\/wp\/v2\/posts\/109205\/revisions\/109208"}],"wp:featuredmedia":[{"embeddable":true,"href":"https:\/\/tvtecjundiai.com.br\/news\/wp-json\/wp\/v2\/media\/109206"}],"wp:attachment":[{"href":"https:\/\/tvtecjundiai.com.br\/news\/wp-json\/wp\/v2\/media?parent=109205"}],"wp:term":[{"taxonomy":"category","embeddable":true,"href":"https:\/\/tvtecjundiai.com.br\/news\/wp-json\/wp\/v2\/categories?post=109205"},{"taxonomy":"post_tag","embeddable":true,"href":"https:\/\/tvtecjundiai.com.br\/news\/wp-json\/wp\/v2\/tags?post=109205"}],"curies":[{"name":"wp","href":"https:\/\/api.w.org\/{rel}","templated":true}]}}