{"id":109210,"date":"2023-05-16T09:57:45","date_gmt":"2023-05-16T12:57:45","guid":{"rendered":"https:\/\/tvtecjundiai.com.br\/news\/?p=109210"},"modified":"2023-05-16T09:57:46","modified_gmt":"2023-05-16T12:57:46","slug":"politicas-de-combate-a-extrema-pobreza-sao-apresentadas-em-reuniao-de-plataformas","status":"publish","type":"post","link":"https:\/\/tvtecjundiai.com.br\/news\/2023\/05\/16\/politicas-de-combate-a-extrema-pobreza-sao-apresentadas-em-reuniao-de-plataformas\/","title":{"rendered":"Pol\u00edticas de combate \u00e0 extrema pobreza s\u00e3o apresentadas em Reuni\u00e3o de Plataformas"},"content":{"rendered":"\n<p>Nesta segunda-feira (15) aconteceu a 20\u00aa rodada de reuni\u00e3o de Plataformas. O encontro, liderado pelo gestor de Governo e Finan\u00e7as, Jos\u00e9 Antonio Parimoschi, teve como pauta a intensifica\u00e7\u00e3o nas pol\u00edticas intersetoriais com foco no combate \u00e0 extrema pobreza.<\/p>\n\n\n\n<p>A iniciativa acontece ap\u00f3s a apresenta\u00e7\u00e3o de um estudo diagn\u00f3stico sobre o tema em Jundia\u00ed, realizado pela Unidade de Gest\u00e3o de Assist\u00eancia e Desenvolvimento Social (UGADS). A pesquisa levantou dados estat\u00edsticos e o perfil das pessoas que est\u00e3o em condi\u00e7\u00f5es de extrema pobreza no munic\u00edpio.<\/p>\n\n\n\n<p>\u201cEsse diagn\u00f3stico serve para que Jundia\u00ed intensifique suas pol\u00edticas de inclus\u00e3o e amplie a rede de prote\u00e7\u00e3o social atualmente existente. Devemos caminhar para uma pol\u00edtica mais focalizada de assist\u00eancia social, considerando as integra\u00e7\u00f5es necess\u00e1rias com outras pol\u00edticas como a de habita\u00e7\u00e3o para fam\u00edlias de baixa renda, por exemplo, assim como as de educa\u00e7\u00e3o e sa\u00fade tamb\u00e9m. A diretriz do plano de governo do prefeito Luiz Fernando \u00e9 a de redu\u00e7\u00e3o das desigualdades sociais\u201d, avalia Parimoschi.<\/p>\n\n\n<div class=\"wp-block-image\">\n<figure class=\"aligncenter size-large is-resized\"><img loading=\"lazy\" decoding=\"async\" src=\"https:\/\/tvtecjundiai.com.br\/news\/wp-content\/uploads\/sites\/2\/2023\/05\/20a_rodada_reuniao_de_plataforma_pa-19-1-1280x854-2-1200x801.jpg\" alt=\"\" class=\"wp-image-109212\" width=\"742\" height=\"495\" srcset=\"https:\/\/tvtecjundiai.com.br\/news\/wp-content\/uploads\/sites\/2\/2023\/05\/20a_rodada_reuniao_de_plataforma_pa-19-1-1280x854-2-1200x801.jpg 1200w, https:\/\/tvtecjundiai.com.br\/news\/wp-content\/uploads\/sites\/2\/2023\/05\/20a_rodada_reuniao_de_plataforma_pa-19-1-1280x854-2-300x200.jpg 300w, https:\/\/tvtecjundiai.com.br\/news\/wp-content\/uploads\/sites\/2\/2023\/05\/20a_rodada_reuniao_de_plataforma_pa-19-1-1280x854-2-768x512.jpg 768w, https:\/\/tvtecjundiai.com.br\/news\/wp-content\/uploads\/sites\/2\/2023\/05\/20a_rodada_reuniao_de_plataforma_pa-19-1-1280x854-2.jpg 1280w\" sizes=\"auto, (max-width: 742px) 100vw, 742px\" \/><figcaption class=\"wp-element-caption\">Reuni\u00e3o de Plataformas aconteceu na Sala de Situa\u00e7\u00e3o do Pa\u00e7o Municipal<\/figcaption><\/figure>\n<\/div>\n\n\n<p>A Prefeitura de Jundia\u00ed tem, desde o in\u00edcio da gest\u00e3o do Prefeito Luiz Fernando Machado, um intenso trabalho na atua\u00e7\u00e3o da redu\u00e7\u00e3o desigualdade social. Ainda neste ano foi apresentado o Censo de Pessoas em Situa\u00e7\u00e3o de Rua, tamb\u00e9m realizado com o intuito de desenvolver pol\u00edticas intersetoriais para mitigar a situa\u00e7\u00e3o. Al\u00e9m disso, a cidade conta com um Plano Municipal pela Primeira Inf\u00e2ncia, composto por 69 a\u00e7\u00f5es que visam o pleno desenvolvimento das crian\u00e7as e colocam em pr\u00e1tica os projetos e atividades ligadas pelo Programa Cidade das Crian\u00e7as.<\/p>\n\n\n\n<p>A UGADS tamb\u00e9m possui equipamentos e servi\u00e7os para o atendimento de pessoas em vulnerabilidade social, como: o CREAS, Fam\u00edlia Acolhedora e os seis CRAS referenciados por regi\u00e3o (Central, Sul, Nordeste, Oeste, Leste e Norte). O or\u00e7amento da Unidade chegou a um or\u00e7amento R$ 60 milh\u00f5es em 2023, para elabora\u00e7\u00e3o de a\u00e7\u00f5es socioassistenciais. Isso representa um aumento de 22,5% em rela\u00e7\u00e3o ao ano de 2022, quando o or\u00e7amento ficou na casa dos R$ 49 milh\u00f5es.<\/p>\n\n\n\n<p><strong><em>(Fonte\/Imagem: Prefeitura de Jundia\u00ed)<\/em><\/strong><\/p>\n","protected":false},"excerpt":{"rendered":"<p>Reuni\u00e3o de Plataformas aconteceu na Sala de Situa\u00e7\u00e3o do Pa\u00e7o Municipal<\/p>\n","protected":false},"author":30,"featured_media":109212,"comment_status":"closed","ping_status":"0","sticky":false,"template":"","format":"standard","meta":{"footnotes":""},"categories":[8356,1],"tags":[],"class_list":["post-109210","post","type-post","status-publish","format-standard","has-post-thumbnail","hentry","category-jundiai","category-noticias"],"_links":{"self":[{"href":"https:\/\/tvtecjundiai.com.br\/news\/wp-json\/wp\/v2\/posts\/109210","targetHints":{"allow":["GET"]}}],"collection":[{"href":"https:\/\/tvtecjundiai.com.br\/news\/wp-json\/wp\/v2\/posts"}],"about":[{"href":"https:\/\/tvtecjundiai.com.br\/news\/wp-json\/wp\/v2\/types\/post"}],"author":[{"embeddable":true,"href":"https:\/\/tvtecjundiai.com.br\/news\/wp-json\/wp\/v2\/users\/30"}],"replies":[{"embeddable":true,"href":"https:\/\/tvtecjundiai.com.br\/news\/wp-json\/wp\/v2\/comments?post=109210"}],"version-history":[{"count":1,"href":"https:\/\/tvtecjundiai.com.br\/news\/wp-json\/wp\/v2\/posts\/109210\/revisions"}],"predecessor-version":[{"id":109213,"href":"https:\/\/tvtecjundiai.com.br\/news\/wp-json\/wp\/v2\/posts\/109210\/revisions\/109213"}],"wp:featuredmedia":[{"embeddable":true,"href":"https:\/\/tvtecjundiai.com.br\/news\/wp-json\/wp\/v2\/media\/109212"}],"wp:attachment":[{"href":"https:\/\/tvtecjundiai.com.br\/news\/wp-json\/wp\/v2\/media?parent=109210"}],"wp:term":[{"taxonomy":"category","embeddable":true,"href":"https:\/\/tvtecjundiai.com.br\/news\/wp-json\/wp\/v2\/categories?post=109210"},{"taxonomy":"post_tag","embeddable":true,"href":"https:\/\/tvtecjundiai.com.br\/news\/wp-json\/wp\/v2\/tags?post=109210"}],"curies":[{"name":"wp","href":"https:\/\/api.w.org\/{rel}","templated":true}]}}