{"id":109214,"date":"2023-05-16T10:17:12","date_gmt":"2023-05-16T13:17:12","guid":{"rendered":"https:\/\/tvtecjundiai.com.br\/news\/?p=109214"},"modified":"2023-05-16T10:17:12","modified_gmt":"2023-05-16T13:17:12","slug":"anvisa-concede-registro-de-vacina-nacional-contra-quatro-tipos-de-meningite","status":"publish","type":"post","link":"https:\/\/tvtecjundiai.com.br\/news\/2023\/05\/16\/anvisa-concede-registro-de-vacina-nacional-contra-quatro-tipos-de-meningite\/","title":{"rendered":"Anvisa concede registro de vacina nacional contra quatro tipos de meningite"},"content":{"rendered":"\n<p>A Ag\u00eancia Nacional de Vigil\u00e2ncia Sanit\u00e1ria (Anvisa) concedeu registro para produ\u00e7\u00e3o nacional da vacina meningoc\u00f3cica ACWY conjugada, que protege contra quatro tipos de meningite.<\/p>\n\n\n\n<p>O imunizante poder\u00e1 ser produzido pela Funda\u00e7\u00e3o Oswaldo Cruz (Fiocruz) e pela Funda\u00e7\u00e3o Ezequiel Dias (Funed), em parceria com a farmac\u00eautica GlaxoSmithKline (GSK), detentora da tecnologia.<\/p>\n\n\n\n<p>O presidente da Fiocruz, Mario Moreira, destacou que o registro \u00e9 mais um passo na busca pela autossufici\u00eancia nacional, por meio da redu\u00e7\u00e3o da depend\u00eancia de insumos internacionais e da incorpora\u00e7\u00e3o de tecnologias estrat\u00e9gicas para o pa\u00eds. O acordo prev\u00ea a transfer\u00eancia de tecnologia, rotulagem e embalagem dos imunizantes pela Fiocruz e Funed e produ\u00e7\u00e3o do ingrediente farmac\u00eautico ativo (IFA), por meio do Instituto de Tecnologia em Imunobiol\u00f3gicos (Bio-Manguinhos), ligado \u00e0 Fiocruz.<\/p>\n\n\n<div class=\"wp-block-image\">\n<figure class=\"aligncenter size-large is-resized\"><img loading=\"lazy\" decoding=\"async\" src=\"https:\/\/tvtecjundiai.com.br\/news\/wp-content\/uploads\/sites\/2\/2023\/05\/Vacina-meningite-1200x800.jpg\" alt=\"\" class=\"wp-image-109215\" width=\"720\" height=\"480\" srcset=\"https:\/\/tvtecjundiai.com.br\/news\/wp-content\/uploads\/sites\/2\/2023\/05\/Vacina-meningite-1200x800.jpg 1200w, https:\/\/tvtecjundiai.com.br\/news\/wp-content\/uploads\/sites\/2\/2023\/05\/Vacina-meningite-300x200.jpg 300w, https:\/\/tvtecjundiai.com.br\/news\/wp-content\/uploads\/sites\/2\/2023\/05\/Vacina-meningite-768x512.jpg 768w, https:\/\/tvtecjundiai.com.br\/news\/wp-content\/uploads\/sites\/2\/2023\/05\/Vacina-meningite.jpg 1280w\" sizes=\"auto, (max-width: 720px) 100vw, 720px\" \/><figcaption class=\"wp-element-caption\">Foto: Geovana Albuquerque\/Ag\u00eancia Sa\u00fade DF<\/figcaption><\/figure>\n<\/div>\n\n\n<p><\/p>\n\n\n\n<p>O Programa Nacional de Imuniza\u00e7\u00f5es (PNI) recomenda o esquema de duas doses da vacina meningoc\u00f3cica C conjugada aos tr\u00eas e cinco meses de idade, e um refor\u00e7o administrado aos 12 meses.<\/p>\n\n\n\n<p>A vacina meningoc\u00f3cica ACWY conjugada \u00e9 recomendada para adolescentes na faixa et\u00e1ria de 11 e 12 anos de idade em dose \u00fanica. Recentemente, o Minist\u00e9rio da Sa\u00fade ampliou a indica\u00e7\u00e3o para adolescentes de 13 e 14 anos de idade, visando reduzir o n\u00famero de portadores da bact\u00e9ria em nasofaringe.<\/p>\n\n\n\n<p>Em todo o mundo, estima-se que ocorram mais de um milh\u00e3o de casos de meningites bacterianas a cada ano. Caso n\u00e3o haja tratamento, a taxa de mortalidade pode chegar a at\u00e9 70%. Entre os anos de 2009 e 2021, foram confirmados no Brasil 219.342 casos de meningite bacteriana causada pelo meningococo.<\/p>\n\n\n\n<p><em><strong>(Fonte: Ag\u00eancia Brasil\/Imagem: Geovana Albuquerque\/Ag\u00eancia Sa\u00fade DF)<\/strong><\/em><\/p>\n","protected":false},"excerpt":{"rendered":"<p>Imunizante poder\u00e1 ser produzido pela Funda\u00e7\u00e3o Oswaldo Cruz (Fiocruz) e pela Funda\u00e7\u00e3o Ezequiel Dias (Funed)<\/p>\n","protected":false},"author":30,"featured_media":109215,"comment_status":"closed","ping_status":"0","sticky":false,"template":"","format":"standard","meta":{"footnotes":""},"categories":[1,2839,8355],"tags":[],"class_list":["post-109214","post","type-post","status-publish","format-standard","has-post-thumbnail","hentry","category-noticias","category-saude","category-saude-3"],"_links":{"self":[{"href":"https:\/\/tvtecjundiai.com.br\/news\/wp-json\/wp\/v2\/posts\/109214","targetHints":{"allow":["GET"]}}],"collection":[{"href":"https:\/\/tvtecjundiai.com.br\/news\/wp-json\/wp\/v2\/posts"}],"about":[{"href":"https:\/\/tvtecjundiai.com.br\/news\/wp-json\/wp\/v2\/types\/post"}],"author":[{"embeddable":true,"href":"https:\/\/tvtecjundiai.com.br\/news\/wp-json\/wp\/v2\/users\/30"}],"replies":[{"embeddable":true,"href":"https:\/\/tvtecjundiai.com.br\/news\/wp-json\/wp\/v2\/comments?post=109214"}],"version-history":[{"count":1,"href":"https:\/\/tvtecjundiai.com.br\/news\/wp-json\/wp\/v2\/posts\/109214\/revisions"}],"predecessor-version":[{"id":109216,"href":"https:\/\/tvtecjundiai.com.br\/news\/wp-json\/wp\/v2\/posts\/109214\/revisions\/109216"}],"wp:featuredmedia":[{"embeddable":true,"href":"https:\/\/tvtecjundiai.com.br\/news\/wp-json\/wp\/v2\/media\/109215"}],"wp:attachment":[{"href":"https:\/\/tvtecjundiai.com.br\/news\/wp-json\/wp\/v2\/media?parent=109214"}],"wp:term":[{"taxonomy":"category","embeddable":true,"href":"https:\/\/tvtecjundiai.com.br\/news\/wp-json\/wp\/v2\/categories?post=109214"},{"taxonomy":"post_tag","embeddable":true,"href":"https:\/\/tvtecjundiai.com.br\/news\/wp-json\/wp\/v2\/tags?post=109214"}],"curies":[{"name":"wp","href":"https:\/\/api.w.org\/{rel}","templated":true}]}}