{"id":109217,"date":"2023-05-16T10:41:00","date_gmt":"2023-05-16T13:41:00","guid":{"rendered":"https:\/\/tvtecjundiai.com.br\/news\/?p=109217"},"modified":"2023-05-16T10:41:01","modified_gmt":"2023-05-16T13:41:01","slug":"petrobras-anuncia-nova-politica-de-preco-para-combustiveis","status":"publish","type":"post","link":"https:\/\/tvtecjundiai.com.br\/news\/2023\/05\/16\/petrobras-anuncia-nova-politica-de-preco-para-combustiveis\/","title":{"rendered":"Petrobras anuncia nova pol\u00edtica de pre\u00e7o para combust\u00edveis"},"content":{"rendered":"\n<p>A Petrobras anunciou nesta ter\u00e7a-feira (16) o fim da paridade de pre\u00e7os do petr\u00f3leo \u2013 e dos combust\u00edveis derivados, como gasolina e diesel \u2013 com o d\u00f3lar e o mercado internacional.<\/p>\n\n\n\n<p>Pela regra em vigor desde 2016, o pre\u00e7o desses produtos no mercado interno acompanha as oscila\u00e7\u00f5es internacionais, ou seja, n\u00e3o h\u00e1 interven\u00e7\u00e3o do governo para garantir pre\u00e7os menores.<\/p>\n\n\n\n<p>A Petrobras anunciou o fim desse mecanismo autom\u00e1tico.<\/p>\n\n\n\n<p>&#8220;Os reajustes continuar\u00e3o sendo feitos sem periodicidade definida, evitando o repasse para os pre\u00e7os internos da volatilidade conjuntural das cota\u00e7\u00f5es internacionais e da taxa de c\u00e2mbio&#8221;, diz o comunicado.<\/p>\n\n\n\n<p>No c\u00e1lculo anterior, chamado de Pre\u00e7o de Paridade de Importa\u00e7\u00e3o (PPI), a estatal considerava o valor do petr\u00f3leo no mercado global e custos log\u00edsticos como o fretamento de navios, as taxas portu\u00e1rias e o uso dos dutos internos para transporte.<\/p>\n\n\n<div class=\"wp-block-image\">\n<figure class=\"aligncenter size-full\"><img loading=\"lazy\" decoding=\"async\" width=\"1170\" height=\"700\" src=\"https:\/\/tvtecjundiai.com.br\/news\/wp-content\/uploads\/sites\/2\/2023\/05\/ffraz_abr2405182858_1.jpg\" alt=\"\" class=\"wp-image-109218\" srcset=\"https:\/\/tvtecjundiai.com.br\/news\/wp-content\/uploads\/sites\/2\/2023\/05\/ffraz_abr2405182858_1.jpg 1170w, https:\/\/tvtecjundiai.com.br\/news\/wp-content\/uploads\/sites\/2\/2023\/05\/ffraz_abr2405182858_1-300x179.jpg 300w, https:\/\/tvtecjundiai.com.br\/news\/wp-content\/uploads\/sites\/2\/2023\/05\/ffraz_abr2405182858_1-768x459.jpg 768w\" sizes=\"auto, (max-width: 1170px) 100vw, 1170px\" \/><figcaption class=\"wp-element-caption\">Foto: Fernando Fraz\u00e3o\/Ag\u00eancia Brasil<\/figcaption><\/figure>\n<\/div>\n\n\n<p><\/p>\n\n\n\n<p>Segundo a nota oficial da Petrobras, a nova &#8220;estrat\u00e9gia comercial&#8221; usa duas refer\u00eancias de mercado:<\/p>\n\n\n\n<ul class=\"wp-block-list\">\n<li>o &#8220;custo alternativo do cliente, como valor a ser priorizado na precifica\u00e7\u00e3o&#8221;, e<\/li>\n\n\n\n<li>o &#8220;valor marginal para a Petrobras&#8221;.<\/li>\n<\/ul>\n\n\n\n<p>&#8220;O custo alternativo do cliente contempla as principais alternativas de suprimento, sejam fornecedores dos mesmos produtos ou de produtos substitutos&#8221;, explica o comunicado da Petrobras.<\/p>\n\n\n\n<p>J\u00e1 o &#8220;valor marginal&#8221;, segundo a petroleira, \u00e9 &#8220;baseado no custo de oportunidade dadas as diversas alternativas para a companhia dentre elas, produ\u00e7\u00e3o, importa\u00e7\u00e3o e exporta\u00e7\u00e3o do referido produto e\/ou dos petr\u00f3leos utilizados no refino&#8221;.<\/p>\n\n\n\n<p>&#8220;Com a mudan\u00e7a, a Petrobras tem mais flexibilidade para praticar pre\u00e7os competitivos, se valendo de suas melhores condi\u00e7\u00f5es de produ\u00e7\u00e3o e log\u00edstica e disputando mercado com outros atores que comercializam combust\u00edveis no Brasil, como distribuidores e importadores&#8221;, diz o texto da empresa.<\/p>\n\n\n\n<p><strong><em>(Fonte: g1\/Imagem: Fernando Fraz\u00e3o\/Ag\u00eancia Brasil)<\/em><\/strong><\/p>\n","protected":false},"excerpt":{"rendered":"<p>Estatal comunicou o fim da paridade de pre\u00e7os do petr\u00f3leo com o d\u00f3lar e o mercado internacional<\/p>\n","protected":false},"author":30,"featured_media":109218,"comment_status":"closed","ping_status":"0","sticky":false,"template":"","format":"standard","meta":{"footnotes":""},"categories":[2829,1],"tags":[],"class_list":["post-109217","post","type-post","status-publish","format-standard","has-post-thumbnail","hentry","category-economia","category-noticias"],"_links":{"self":[{"href":"https:\/\/tvtecjundiai.com.br\/news\/wp-json\/wp\/v2\/posts\/109217","targetHints":{"allow":["GET"]}}],"collection":[{"href":"https:\/\/tvtecjundiai.com.br\/news\/wp-json\/wp\/v2\/posts"}],"about":[{"href":"https:\/\/tvtecjundiai.com.br\/news\/wp-json\/wp\/v2\/types\/post"}],"author":[{"embeddable":true,"href":"https:\/\/tvtecjundiai.com.br\/news\/wp-json\/wp\/v2\/users\/30"}],"replies":[{"embeddable":true,"href":"https:\/\/tvtecjundiai.com.br\/news\/wp-json\/wp\/v2\/comments?post=109217"}],"version-history":[{"count":1,"href":"https:\/\/tvtecjundiai.com.br\/news\/wp-json\/wp\/v2\/posts\/109217\/revisions"}],"predecessor-version":[{"id":109219,"href":"https:\/\/tvtecjundiai.com.br\/news\/wp-json\/wp\/v2\/posts\/109217\/revisions\/109219"}],"wp:featuredmedia":[{"embeddable":true,"href":"https:\/\/tvtecjundiai.com.br\/news\/wp-json\/wp\/v2\/media\/109218"}],"wp:attachment":[{"href":"https:\/\/tvtecjundiai.com.br\/news\/wp-json\/wp\/v2\/media?parent=109217"}],"wp:term":[{"taxonomy":"category","embeddable":true,"href":"https:\/\/tvtecjundiai.com.br\/news\/wp-json\/wp\/v2\/categories?post=109217"},{"taxonomy":"post_tag","embeddable":true,"href":"https:\/\/tvtecjundiai.com.br\/news\/wp-json\/wp\/v2\/tags?post=109217"}],"curies":[{"name":"wp","href":"https:\/\/api.w.org\/{rel}","templated":true}]}}