{"id":109220,"date":"2023-05-16T11:41:11","date_gmt":"2023-05-16T14:41:11","guid":{"rendered":"https:\/\/tvtecjundiai.com.br\/news\/?p=109220"},"modified":"2023-05-16T11:41:13","modified_gmt":"2023-05-16T14:41:13","slug":"ministerio-da-saude-incorpora-ao-sus-dois-medicamentos-contra-anemia","status":"publish","type":"post","link":"https:\/\/tvtecjundiai.com.br\/news\/2023\/05\/16\/ministerio-da-saude-incorpora-ao-sus-dois-medicamentos-contra-anemia\/","title":{"rendered":"Minist\u00e9rio da Sa\u00fade incorpora ao SUS dois medicamentos contra anemia"},"content":{"rendered":"\n<p>O Minist\u00e9rio da Sa\u00fade incorporou ao Sistema \u00danico de Sa\u00fade (SUS) dois medicamentos para tratamento da anemia. A previs\u00e3o \u00e9 que a ferripolimaltose e a carboximaltose f\u00e9rrica estejam dispon\u00edveis no sistema p\u00fablico de sa\u00fade em at\u00e9 180 dias.<\/p>\n\n\n\n<p>Segundo a pasta, a ferripolimaltose \u00e9 indicada para o tratamento da anemia por defici\u00eancia de ferro e intoler\u00e2ncia ao sulfato ferroso, enquanto a carboximaltose f\u00e9rrica \u00e9 indicada para adultos com anemia por defici\u00eancia de ferro e intoler\u00e2ncia ou contraindica\u00e7\u00e3o aos sais orais de ferro.<\/p>\n\n\n<div class=\"wp-block-image\">\n<figure class=\"aligncenter size-full\"><img loading=\"lazy\" decoding=\"async\" width=\"701\" height=\"468\" src=\"https:\/\/tvtecjundiai.com.br\/news\/wp-content\/uploads\/sites\/2\/2023\/05\/remedio-anemia.jpg\" alt=\"\" class=\"wp-image-109221\" srcset=\"https:\/\/tvtecjundiai.com.br\/news\/wp-content\/uploads\/sites\/2\/2023\/05\/remedio-anemia.jpg 701w, https:\/\/tvtecjundiai.com.br\/news\/wp-content\/uploads\/sites\/2\/2023\/05\/remedio-anemia-300x200.jpg 300w\" sizes=\"auto, (max-width: 701px) 100vw, 701px\" \/><\/figure>\n<\/div>\n\n\n<p><\/p>\n\n\n\n<p>A anemia \u00e9 uma doen\u00e7a que causa a redu\u00e7\u00e3o da concentra\u00e7\u00e3o de hemoglobina, prote\u00edna respons\u00e1vel por transportar o oxig\u00eanio pelo sangue. Crian\u00e7as, gestantes, lactantes, meninas adolescentes e mulheres adultas em fase de reprodu\u00e7\u00e3o s\u00e3o os grupos mais afetados.<\/p>\n\n\n\n<p>\u201cO Minist\u00e9rio da Sa\u00fade refor\u00e7a que somente m\u00e9dicos e cirurgi\u00f5es-dentistas devidamente habilitados podem diagnosticar doen\u00e7as, indicar tratamentos e receitar rem\u00e9dios para tratamento\u201d, destacou a pasta.<\/p>\n\n\n\n<p><strong><em>(Fonte: Ag\u00eancia Brasil\/Imagem: Canva)<\/em><\/strong><\/p>\n","protected":false},"excerpt":{"rendered":"<p>A previs\u00e3o \u00e9 que a ferripolimaltose e a carboximaltose f\u00e9rrica estejam dispon\u00edveis em at\u00e9 180 dias<\/p>\n","protected":false},"author":30,"featured_media":109221,"comment_status":"closed","ping_status":"0","sticky":false,"template":"","format":"standard","meta":{"footnotes":""},"categories":[1,2839,8355],"tags":[],"class_list":["post-109220","post","type-post","status-publish","format-standard","has-post-thumbnail","hentry","category-noticias","category-saude","category-saude-3"],"_links":{"self":[{"href":"https:\/\/tvtecjundiai.com.br\/news\/wp-json\/wp\/v2\/posts\/109220","targetHints":{"allow":["GET"]}}],"collection":[{"href":"https:\/\/tvtecjundiai.com.br\/news\/wp-json\/wp\/v2\/posts"}],"about":[{"href":"https:\/\/tvtecjundiai.com.br\/news\/wp-json\/wp\/v2\/types\/post"}],"author":[{"embeddable":true,"href":"https:\/\/tvtecjundiai.com.br\/news\/wp-json\/wp\/v2\/users\/30"}],"replies":[{"embeddable":true,"href":"https:\/\/tvtecjundiai.com.br\/news\/wp-json\/wp\/v2\/comments?post=109220"}],"version-history":[{"count":1,"href":"https:\/\/tvtecjundiai.com.br\/news\/wp-json\/wp\/v2\/posts\/109220\/revisions"}],"predecessor-version":[{"id":109222,"href":"https:\/\/tvtecjundiai.com.br\/news\/wp-json\/wp\/v2\/posts\/109220\/revisions\/109222"}],"wp:featuredmedia":[{"embeddable":true,"href":"https:\/\/tvtecjundiai.com.br\/news\/wp-json\/wp\/v2\/media\/109221"}],"wp:attachment":[{"href":"https:\/\/tvtecjundiai.com.br\/news\/wp-json\/wp\/v2\/media?parent=109220"}],"wp:term":[{"taxonomy":"category","embeddable":true,"href":"https:\/\/tvtecjundiai.com.br\/news\/wp-json\/wp\/v2\/categories?post=109220"},{"taxonomy":"post_tag","embeddable":true,"href":"https:\/\/tvtecjundiai.com.br\/news\/wp-json\/wp\/v2\/tags?post=109220"}],"curies":[{"name":"wp","href":"https:\/\/api.w.org\/{rel}","templated":true}]}}