{"id":109223,"date":"2023-05-16T12:05:37","date_gmt":"2023-05-16T15:05:37","guid":{"rendered":"https:\/\/tvtecjundiai.com.br\/news\/?p=109223"},"modified":"2023-05-16T12:05:39","modified_gmt":"2023-05-16T15:05:39","slug":"teatro-polytheama-recebe-tributo-a-elvis-presley-no-domingo-21","status":"publish","type":"post","link":"https:\/\/tvtecjundiai.com.br\/news\/2023\/05\/16\/teatro-polytheama-recebe-tributo-a-elvis-presley-no-domingo-21\/","title":{"rendered":"Teatro Polytheama recebe tributo a Elvis Presley no domingo (21)"},"content":{"rendered":"\n<p>O espet\u00e1culo \u201cElvis Experience In Concert Tribute\u201d, da Teatro GT, ganha o palco do Teatro Polytheama neste domingo (21), \u00e0s 19h. A produ\u00e7\u00e3o conta a hist\u00f3ria do Rei do Rock and Roll Elvis Presley, um dos maiores astros da m\u00fasica de todos os tempos. O formato in\u00e9dito conta com dois Elvis na apresenta\u00e7\u00e3o. Os ingressos custam entre R$ 70 e R$ 180, variando entre inteira e meia-entrada na plateia, frisa, camarotes e galeria.<\/p>\n\n\n\n<p>Com 30 integrantes no palco, o espet\u00e1culo \u00e9 totalmente ao vivo com um corpo de bailarinos, backing vocal&#8217;s, banda e orquestra que interpretam grandes sucessos do astro.<\/p>\n\n\n<div class=\"wp-block-image\">\n<figure class=\"aligncenter size-full is-resized\"><img loading=\"lazy\" decoding=\"async\" src=\"https:\/\/tvtecjundiai.com.br\/news\/wp-content\/uploads\/sites\/2\/2023\/05\/0f8f58cb-tributo-elvis.jpeg\" alt=\"\" class=\"wp-image-109230\" width=\"719\" height=\"478\" srcset=\"https:\/\/tvtecjundiai.com.br\/news\/wp-content\/uploads\/sites\/2\/2023\/05\/0f8f58cb-tributo-elvis.jpeg 1024w, https:\/\/tvtecjundiai.com.br\/news\/wp-content\/uploads\/sites\/2\/2023\/05\/0f8f58cb-tributo-elvis-300x200.jpeg 300w, https:\/\/tvtecjundiai.com.br\/news\/wp-content\/uploads\/sites\/2\/2023\/05\/0f8f58cb-tributo-elvis-768x512.jpeg 768w\" sizes=\"auto, (max-width: 719px) 100vw, 719px\" \/><figcaption class=\"wp-element-caption\">Foto: Divulga\u00e7\u00e3o<\/figcaption><\/figure>\n<\/div>\n\n\n<p><\/p>\n\n\n\n<p>A produ\u00e7\u00e3o tem dire\u00e7\u00e3o t\u00e9cnica de Paulo Machado, dire\u00e7\u00e3o executiva de Daniela Schiarreta e dire\u00e7\u00e3o geral de Bruno Rizzo, que assina a dire\u00e7\u00e3o de grandes espet\u00e1culos como \u201cQueen Experience In Concert\u201d, \u201cAbba Experience In Concert\u201d, \u201cAmazing Tenors, Sings Bocelli\u201d, \u201cPink Floyd Experience In Concert\u201d, \u201cEmbalos de S\u00e1bado \u00e0 Noite, O Musical\u201d, entre outros.<\/p>\n\n\n\n<p>Os ingressos podem ser adquiridos na bilheteria do Teatro Polytheama, que fica na rua Bar\u00e3o de Jundia\u00ed, 176, Centro, ou pela plataforma Sympla. <\/p>\n\n\n\n<p><strong>\u201cElvis Experience In Concert Tribute\u201d<\/strong><\/p>\n\n\n\n<ul class=\"wp-block-list\">\n<li>Classifica\u00e7\u00e3o: Livre<\/li>\n\n\n\n<li>Dura\u00e7\u00e3o: 80 minutos<\/li>\n\n\n\n<li>Plateia, frisa, camarotes: R$ 180 (inteira) e R$ 90 (meia-entrada)<\/li>\n\n\n\n<li>Galeria: R$ 140 (inteira) e R$ 70 (meia-entrada)<\/li>\n<\/ul>\n\n\n\n<p><em><strong>(Fonte: TVTEC Jundia\u00ed\/Imagem: Divulga\u00e7\u00e3o)<\/strong><\/em><\/p>\n","protected":false},"excerpt":{"rendered":"<p>A produ\u00e7\u00e3o conta a hist\u00f3ria do Rei do Rock and Roll com a interpreta\u00e7\u00e3o de grandes sucessos<\/p>\n","protected":false},"author":30,"featured_media":109230,"comment_status":"closed","ping_status":"0","sticky":false,"template":"","format":"standard","meta":{"footnotes":""},"categories":[2833,8356,1],"tags":[],"class_list":["post-109223","post","type-post","status-publish","format-standard","has-post-thumbnail","hentry","category-cultura","category-jundiai","category-noticias"],"_links":{"self":[{"href":"https:\/\/tvtecjundiai.com.br\/news\/wp-json\/wp\/v2\/posts\/109223","targetHints":{"allow":["GET"]}}],"collection":[{"href":"https:\/\/tvtecjundiai.com.br\/news\/wp-json\/wp\/v2\/posts"}],"about":[{"href":"https:\/\/tvtecjundiai.com.br\/news\/wp-json\/wp\/v2\/types\/post"}],"author":[{"embeddable":true,"href":"https:\/\/tvtecjundiai.com.br\/news\/wp-json\/wp\/v2\/users\/30"}],"replies":[{"embeddable":true,"href":"https:\/\/tvtecjundiai.com.br\/news\/wp-json\/wp\/v2\/comments?post=109223"}],"version-history":[{"count":1,"href":"https:\/\/tvtecjundiai.com.br\/news\/wp-json\/wp\/v2\/posts\/109223\/revisions"}],"predecessor-version":[{"id":109231,"href":"https:\/\/tvtecjundiai.com.br\/news\/wp-json\/wp\/v2\/posts\/109223\/revisions\/109231"}],"wp:featuredmedia":[{"embeddable":true,"href":"https:\/\/tvtecjundiai.com.br\/news\/wp-json\/wp\/v2\/media\/109230"}],"wp:attachment":[{"href":"https:\/\/tvtecjundiai.com.br\/news\/wp-json\/wp\/v2\/media?parent=109223"}],"wp:term":[{"taxonomy":"category","embeddable":true,"href":"https:\/\/tvtecjundiai.com.br\/news\/wp-json\/wp\/v2\/categories?post=109223"},{"taxonomy":"post_tag","embeddable":true,"href":"https:\/\/tvtecjundiai.com.br\/news\/wp-json\/wp\/v2\/tags?post=109223"}],"curies":[{"name":"wp","href":"https:\/\/api.w.org\/{rel}","templated":true}]}}