{"id":109245,"date":"2023-05-17T09:13:21","date_gmt":"2023-05-17T12:13:21","guid":{"rendered":"https:\/\/tvtecjundiai.com.br\/news\/?p=109245"},"modified":"2023-05-17T09:13:22","modified_gmt":"2023-05-17T12:13:22","slug":"planeta-deve-romper-limite-de-aquecimento-de-15oc-ate-2027-diz-onu","status":"publish","type":"post","link":"https:\/\/tvtecjundiai.com.br\/news\/2023\/05\/17\/planeta-deve-romper-limite-de-aquecimento-de-15oc-ate-2027-diz-onu\/","title":{"rendered":"Planeta deve romper limite de aquecimento de 1,5\u00baC at\u00e9 2027, diz ONU"},"content":{"rendered":"\n<p>A Organiza\u00e7\u00e3o Mundial Meteorol\u00f3gica (OMM) afirmou nesta quarta-feira (17) que as temperaturas globais devem bater taxas recordes nos pr\u00f3ximos cinco anos por causa dos gases que causam o efeito estufa e do fen\u00f4meno El Ni\u00f1o.<\/p>\n\n\n\n<p>Segundo um novo relat\u00f3rio divulgado pela ag\u00eancia da ONU, h\u00e1 uma <strong>probabilidade de 66%<\/strong> de a m\u00e9dia anual de aquecimento ultrapassar 1,5\u00b0C entre 2023 e 2027.<\/p>\n\n\n<div class=\"wp-block-image\">\n<figure class=\"aligncenter size-full\"><img loading=\"lazy\" decoding=\"async\" width=\"708\" height=\"464\" src=\"https:\/\/tvtecjundiai.com.br\/news\/wp-content\/uploads\/sites\/2\/2023\/05\/aquec-global.jpg\" alt=\"\" class=\"wp-image-109246\" srcset=\"https:\/\/tvtecjundiai.com.br\/news\/wp-content\/uploads\/sites\/2\/2023\/05\/aquec-global.jpg 708w, https:\/\/tvtecjundiai.com.br\/news\/wp-content\/uploads\/sites\/2\/2023\/05\/aquec-global-300x197.jpg 300w\" sizes=\"auto, (max-width: 708px) 100vw, 708px\" \/><\/figure>\n<\/div>\n\n\n<p><\/p>\n\n\n\n<p>Al\u00e9m disso, a previs\u00e3o \u00e9 que um dos pr\u00f3ximos cinco anos seja o mais quente desde o in\u00edcio dos registros. O relat\u00f3rio da OMM \u00e9 baseado em c\u00e1lculos de 11 diferentes centros de ci\u00eancia do clima em todo o mundo.<\/p>\n\n\n\n<p>\u201cProvavelmente n\u00e3o ser\u00e1 este ano. Talvez seja no pr\u00f3ximo ano ou no ano seguinte\u201d, disse o principal autor do relat\u00f3rio, Leon Hermanson, cientista clim\u00e1tico do Met Office do Reino Unido, sobre o ano que deve haver aumento m\u00e9dio de 1,5 graus Celsius.<\/p>\n\n\n\n<p>Apesar disso, segundo o secret\u00e1rio-geral da OMM, Petteri Taalas, o relat\u00f3rio n\u00e3o significa que a humanidade estar\u00e1 permanentemente excedendo a marca de 1,5\u00b0C do Acordo de Paris, mas serve como um alerta de que este limite ser\u00e1 rompido no futuro.<\/p>\n\n\n\n<p>&#8220;A OMM est\u00e1 soando o alarme de que iremos ultrapassar temporariamente o n\u00edvel de 1,5\u00b0C com frequ\u00eancia cada vez maior\u201d, disse.<\/p>\n\n\n\n<p><strong>1,5\u00baC \u00e9 o chamado \u201climite seguro\u201d das mudan\u00e7as clim\u00e1ticas.<\/strong><\/p>\n\n\n\n<p>Esse \u00e9 o limiar de aumento da taxa m\u00e9dia de temperatura global que temos que atingir at\u00e9 o final do s\u00e9culo para evitar as consequ\u00eancias da crise clim\u00e1tica provocada pelo homem por causa da crescente emiss\u00e3o de gases de efeito estufa na nossa atmosfera.<\/p>\n\n\n\n<p>A taxa \u00e9 medida em refer\u00eancia aos n\u00edveis pr\u00e9-industriais, a partir de quando as emiss\u00f5es de poluentes passaram a afetar significativamente o clima global. Em 2022, a m\u00e9dia de temperatura global foi de 1,15\u00b0C acima da m\u00e9dia de 1850-1900.<\/p>\n\n\n\n<p><strong><em>(Fonte: g1\/Imagem: Canva)<\/em><\/strong><\/p>\n","protected":false},"excerpt":{"rendered":"<p>A previs\u00e3o \u00e9 que um dos pr\u00f3ximos cinco anos seja o mais quente desde o in\u00edcio dos registros<\/p>\n","protected":false},"author":30,"featured_media":109246,"comment_status":"closed","ping_status":"0","sticky":false,"template":"","format":"standard","meta":{"footnotes":""},"categories":[3569,1],"tags":[],"class_list":["post-109245","post","type-post","status-publish","format-standard","has-post-thumbnail","hentry","category-meio-ambiente","category-noticias"],"_links":{"self":[{"href":"https:\/\/tvtecjundiai.com.br\/news\/wp-json\/wp\/v2\/posts\/109245","targetHints":{"allow":["GET"]}}],"collection":[{"href":"https:\/\/tvtecjundiai.com.br\/news\/wp-json\/wp\/v2\/posts"}],"about":[{"href":"https:\/\/tvtecjundiai.com.br\/news\/wp-json\/wp\/v2\/types\/post"}],"author":[{"embeddable":true,"href":"https:\/\/tvtecjundiai.com.br\/news\/wp-json\/wp\/v2\/users\/30"}],"replies":[{"embeddable":true,"href":"https:\/\/tvtecjundiai.com.br\/news\/wp-json\/wp\/v2\/comments?post=109245"}],"version-history":[{"count":1,"href":"https:\/\/tvtecjundiai.com.br\/news\/wp-json\/wp\/v2\/posts\/109245\/revisions"}],"predecessor-version":[{"id":109247,"href":"https:\/\/tvtecjundiai.com.br\/news\/wp-json\/wp\/v2\/posts\/109245\/revisions\/109247"}],"wp:featuredmedia":[{"embeddable":true,"href":"https:\/\/tvtecjundiai.com.br\/news\/wp-json\/wp\/v2\/media\/109246"}],"wp:attachment":[{"href":"https:\/\/tvtecjundiai.com.br\/news\/wp-json\/wp\/v2\/media?parent=109245"}],"wp:term":[{"taxonomy":"category","embeddable":true,"href":"https:\/\/tvtecjundiai.com.br\/news\/wp-json\/wp\/v2\/categories?post=109245"},{"taxonomy":"post_tag","embeddable":true,"href":"https:\/\/tvtecjundiai.com.br\/news\/wp-json\/wp\/v2\/tags?post=109245"}],"curies":[{"name":"wp","href":"https:\/\/api.w.org\/{rel}","templated":true}]}}